{"id":783,"date":"2018-04-17T13:13:29","date_gmt":"2018-04-17T11:13:29","guid":{"rendered":"https:\/\/www.vinzenzgemeinschaft.it\/?p=783"},"modified":"2024-01-12T08:08:01","modified_gmt":"2024-01-12T07:08:01","slug":"neuer-vorsitzender-der-gemeinschaft","status":"publish","type":"post","link":"https:\/\/www.vinzenzgemeinschaft.it\/de\/neuer-vorsitzender-der-gemeinschaft\/","title":{"rendered":"Neuer Vorsitzender der Gemeinschaft"},"content":{"rendered":"<p><strong>Bozen.<\/strong> Bei der Vollversammlung der S\u00fcdtiroler Vinzenzgemeinschaft am 14. April in Bozen wurde der langj\u00e4hrige Bozner Berufsschuldirektor Dr. Josef Haspinger (68) zum neuen Pr\u00e4sidenten des Zentralrates gew\u00e4hlt. Haspinger l\u00f6st den bisherigen Vorsitzenden Siegfried Holzer ab, der nach 3 Amtsjahren nicht mehr f\u00fcr eine Wiederwahl zur Verf\u00fcgung stand. Die bisherige Stellvertreterin Greti Demetz wird weiterhin das Amt als Stellvertreterin aus\u00fcben.<\/p>\n<p>Vor den rund 120 Vertretern der Konferenzen und Bezirke zog der bisherige Pr\u00e4sident Holzer eine Bilanz seiner Amtszeit. Er verwies auf die in den vergangenen Jahren neu aufgestellte, klar strukturierte Verwaltung, auf die Einf\u00fchrung digitaler Lebensmittelgutscheine und auf die grundsolide Bilanz. 2017 haben 2.500 Einzelpersonen und 1.200 Familien in S\u00fcdtirol Hilfe bekommen. \u201eWir sind f\u00fcr die Schw\u00e4chsten in unserer Gesellschaft da\u201c, betonte Siegfried Holzer. Not versteckt sich, Diskretion und Verschwiegenheit sind daher oberstes Gebot. Im vergangenen Jahr haben die 520 Ehrenamtlichen rund 30.000 Stunden freiwillig geleistet. Dass die Spenden im vergangenen Jahr um mehr als 100.000 Euro auf mehr als eine Million Euro gestiegen sind, zeuge vom gro\u00dfen Vertrauen der S\u00fcdtiroler Bev\u00f6lkerung in die Arbeit der Vinzenzgemeinschaft, sagte Siegfried Holzer.<\/p>\n<p>Der neue Zentralratspr\u00e4sident Josef Haspinger ist in Taisten bei Welsberg geboren, er studierte Geographie und Volkswirtschaft in Innsbruck, Mannheim und Stuttgart. In seiner beruflichen Laufbahn arbeitete er unter anderem als Gesch\u00e4ftsf\u00fchrer der SVP-Arbeitnehmer in Bozen, als Lehrer an der Fachschule f\u00fcr soziale Berufe in Bozen (1988 bis 1999) und als Direktor der Landesberufsschule f\u00fcr Handwerk und Industrie in Bozen (von 1999 bis zur Pensionierung 2016). Er engagiert sich seit der Pensionierung bei der Vinzenzgemeinschaft, und zwar als Schriftf\u00fchrer des Zentralrates und Vorsitzender der Selig-Heinrich-Vinzenzkonferenz in Bozen.<\/p>\n","protected":false},"excerpt":{"rendered":"<p>Bozen. Bei der Vollversammlung der S\u00fcdtiroler Vinzenzgemeinschaft am 14. April in Bozen wurde der langj\u00e4hrige Bozner Berufsschuldirektor Dr. Josef Haspinger (68) zum neuen Pr\u00e4sidenten des Zentralrates gew\u00e4hlt. Haspinger l\u00f6st den bisherigen Vorsitzenden Siegfried Holzer ab, der nach 3 Amtsjahren nicht mehr f\u00fcr eine Wiederwahl zur Verf\u00fcgung stand. Die bisherige Stellvertreterin Greti Demetz wird weiterhin das&#8230;<\/p>\n","protected":false},"author":1,"featured_media":784,"comment_status":"closed","ping_status":"closed","sticky":false,"template":"","format":"standard","meta":{"_acf_changed":false,"footnotes":""},"categories":[1],"tags":[],"acf":[],"_links":{"self":[{"href":"https:\/\/www.vinzenzgemeinschaft.it\/de\/wp-json\/wp\/v2\/posts\/783"}],"collection":[{"href":"https:\/\/www.vinzenzgemeinschaft.it\/de\/wp-json\/wp\/v2\/posts"}],"about":[{"href":"https:\/\/www.vinzenzgemeinschaft.it\/de\/wp-json\/wp\/v2\/types\/post"}],"author":[{"embeddable":true,"href":"https:\/\/www.vinzenzgemeinschaft.it\/de\/wp-json\/wp\/v2\/users\/1"}],"replies":[{"embeddable":true,"href":"https:\/\/www.vinzenzgemeinschaft.it\/de\/wp-json\/wp\/v2\/comments?post=783"}],"version-history":[{"count":1,"href":"https:\/\/www.vinzenzgemeinschaft.it\/de\/wp-json\/wp\/v2\/posts\/783\/revisions"}],"predecessor-version":[{"id":786,"href":"https:\/\/www.vinzenzgemeinschaft.it\/de\/wp-json\/wp\/v2\/posts\/783\/revisions\/786"}],"wp:featuredmedia":[{"embeddable":true,"href":"https:\/\/www.vinzenzgemeinschaft.it\/de\/wp-json\/wp\/v2\/media\/784"}],"wp:attachment":[{"href":"https:\/\/www.vinzenzgemeinschaft.it\/de\/wp-json\/wp\/v2\/media?parent=783"}],"wp:term":[{"taxonomy":"category","embeddable":true,"href":"https:\/\/www.vinzenzgemeinschaft.it\/de\/wp-json\/wp\/v2\/categories?post=783"},{"taxonomy":"post_tag","embeddable":true,"href":"https:\/\/www.vinzenzgemeinschaft.it\/de\/wp-json\/wp\/v2\/tags?post=783"}],"curies":[{"name":"wp","href":"https:\/\/api.w.org\/{rel}","templated":true}]}}