{"id":775,"date":"2018-02-26T13:11:02","date_gmt":"2018-02-26T12:11:02","guid":{"rendered":"https:\/\/www.vinzenzgemeinschaft.it\/?p=775"},"modified":"2024-01-12T08:08:02","modified_gmt":"2024-01-12T07:08:02","slug":"helfen-mit-einem-guten-gespraech","status":"publish","type":"post","link":"https:\/\/www.vinzenzgemeinschaft.it\/de\/helfen-mit-einem-guten-gespraech\/","title":{"rendered":"Helfen mit einem guten Gespr\u00e4ch"},"content":{"rendered":"<p><strong>Bozen.<\/strong> Sie geh\u00f6ren zu den unsichtbaren, aber unverzichtbaren Helferinnen und Helfern im ganzen Land: Mehrere hundert Freiwillige arbeiten tagaus, tagein in 52 S\u00fcdtiroler Vinzenzkonferenzen, um Menschen in Not zur Seite zu stehen. Sie tun das freiwillig, selbst\u00e4ndig und unabh\u00e4ngig voneinander. Einmal im Jahr treffen sie sich zu einem Impulstag. Am Samstag, 24. Februar, war es soweit: Zentralratspr\u00e4sident Siegfried Holzer lud in das Bozner Kolpinghaus, um mit den mehr als 60 Freiwilligen \u00fcber Sinn, Art und Nachhaltigkeit des Helfens zu debattieren. Inhaltliche Inputs gaben Brigitte Hofmann und Priska Hell von der Caritas und der Bozner Dekan Bernhard Holzer. Helfendes Gespr\u00e4ch braucht keine Ratschl\u00e4ge. Jeder Notleidende wei\u00df selbst, was ihm gut tut. Die Freiwilligen der Vinzenzkonferenzen brauchen vor allem ein offenes und reflektiertes Ohr, um aktiv zuzuh\u00f6ren und viel Zeit, um den Menschen einen Reifeprozess f\u00fcr Ver\u00e4nderung zu erm\u00f6glichen.<\/p>\n<p>Die freiwillige Arbeit in der Vinzenzgemeinschaft fordert heraus. Notleidende Menschen kommen mit Hilfsanfragen und wollen diese oft umgehend gestillt wissen. H\u00e4ufig geht es um finanzielle Not. Brigitte Hofmann als Leiterin der Caritas-Freiwilligenarbeit unterschied in ihrem Referat zwischen Hilfsanfrage und Bed\u00fcrfnis. Sie machte deutlich, dass Freiwillige nicht f\u00fcr die L\u00f6sung des Problems zust\u00e4ndig seien, sondern f\u00fcr die Begleitung der Menschen in Not. Priska Hell von der Caritas-Sozialberatung verwies auf den gro\u00dfen Bedarf an Zeit, den Hilfe notwendig macht.<\/p>\n<p>Dekan Bernhard Holzer betonte in seinem Referat, dass es um dauerhafte Beziehungen gehe. Er beleuchtete Jesus und dessen Umgang mit den Menschen. Jesus sei klar gewesen, habe jeden einzelnen und dessen Bed\u00fcrfnis gesehen. Bernhard Holzer riet den Freiwilligen, gut auf sich selbst zu schauen. Denn N\u00e4chstenliebe beinhalte die Eigenliebe. Sie seien aufgerufen, die Menschen in Not im Sinne Jesu nicht an ihrer Vergangenheit festzunageln, sondern ihnen eine positive Zukunft zu er\u00f6ffnen.<\/p>\n","protected":false},"excerpt":{"rendered":"<p>Bozen. Sie geh\u00f6ren zu den unsichtbaren, aber unverzichtbaren Helferinnen und Helfern im ganzen Land: Mehrere hundert Freiwillige arbeiten tagaus, tagein in 52 S\u00fcdtiroler Vinzenzkonferenzen, um Menschen in Not zur Seite zu stehen. Sie tun das freiwillig, selbst\u00e4ndig und unabh\u00e4ngig voneinander. Einmal im Jahr treffen sie sich zu einem Impulstag. Am Samstag, 24. Februar, war es&#8230;<\/p>\n","protected":false},"author":1,"featured_media":776,"comment_status":"closed","ping_status":"closed","sticky":false,"template":"","format":"standard","meta":{"_acf_changed":false,"footnotes":""},"categories":[1],"tags":[],"acf":[],"_links":{"self":[{"href":"https:\/\/www.vinzenzgemeinschaft.it\/de\/wp-json\/wp\/v2\/posts\/775"}],"collection":[{"href":"https:\/\/www.vinzenzgemeinschaft.it\/de\/wp-json\/wp\/v2\/posts"}],"about":[{"href":"https:\/\/www.vinzenzgemeinschaft.it\/de\/wp-json\/wp\/v2\/types\/post"}],"author":[{"embeddable":true,"href":"https:\/\/www.vinzenzgemeinschaft.it\/de\/wp-json\/wp\/v2\/users\/1"}],"replies":[{"embeddable":true,"href":"https:\/\/www.vinzenzgemeinschaft.it\/de\/wp-json\/wp\/v2\/comments?post=775"}],"version-history":[{"count":1,"href":"https:\/\/www.vinzenzgemeinschaft.it\/de\/wp-json\/wp\/v2\/posts\/775\/revisions"}],"predecessor-version":[{"id":778,"href":"https:\/\/www.vinzenzgemeinschaft.it\/de\/wp-json\/wp\/v2\/posts\/775\/revisions\/778"}],"wp:featuredmedia":[{"embeddable":true,"href":"https:\/\/www.vinzenzgemeinschaft.it\/de\/wp-json\/wp\/v2\/media\/776"}],"wp:attachment":[{"href":"https:\/\/www.vinzenzgemeinschaft.it\/de\/wp-json\/wp\/v2\/media?parent=775"}],"wp:term":[{"taxonomy":"category","embeddable":true,"href":"https:\/\/www.vinzenzgemeinschaft.it\/de\/wp-json\/wp\/v2\/categories?post=775"},{"taxonomy":"post_tag","embeddable":true,"href":"https:\/\/www.vinzenzgemeinschaft.it\/de\/wp-json\/wp\/v2\/tags?post=775"}],"curies":[{"name":"wp","href":"https:\/\/api.w.org\/{rel}","templated":true}]}}