{"id":767,"date":"2017-11-11T12:55:42","date_gmt":"2017-11-11T11:55:42","guid":{"rendered":"https:\/\/www.vinzenzgemeinschaft.it\/?p=767"},"modified":"2024-01-12T08:08:02","modified_gmt":"2024-01-12T07:08:02","slug":"wir-bitten-um-decken-und-schlafsaecke","status":"publish","type":"post","link":"https:\/\/www.vinzenzgemeinschaft.it\/de\/wir-bitten-um-decken-und-schlafsaecke\/","title":{"rendered":"Wir bitten um Decken und Schlafs\u00e4cke"},"content":{"rendered":"<p>Bozen. Unter der Br\u00fccke, im Park, in einem zugigen Durchgang: Eine Reihe von Menschen verbringen in Bozen die Nacht im Freien. Vor allem in der kalten Jahreszeit sind eine sch\u00fctzende Decke oder ein Schlafsack f\u00fcr die Obdachlosen ein \u00fcberaus wertvolles Gut, das ihr Leben auf der Stra\u00dfe etwas erleichtert oder sogar rettet.<br \/>\nViele klopfen daher bei der Kleiderkammer oder beim VinziBus der Vinzenzgemeinschaft um diese w\u00e4rmende Hilfe gegen K\u00e4lte, Wind, Schnee und Regen an \u2013 aber dort sind die Regale leer. \u201eWir haben inzwischen w\u00f6chentlich 5 bis 10 Anfragen um eine Decke oder einen Schlafsack, aber unsere Lager sind leider leer\u201c, betont Christine Sartori, Koordinatorin der Kleiderkammer.<br \/>\nGemeinsam mit Paul Tschigg, Leiter des VinziBus-Dienstes, bittet Sartori die Bev\u00f6lkerung um saubere Decken und Schlafs\u00e4cke, die den Obdachlosen zur Verf\u00fcgung gestellt werden k\u00f6nnen. Weil der Winter nahe ist, wird dazu ein eigener Sammeltag veranstaltet, an dem die Hilfsg\u00fcter direkt vorbeigebracht werden k\u00f6nnen (siehe unten); aber auch zu den \u00d6ffnungszeiten der Kleiderkammer sind solche Spenden sowie warme Bekleidung f\u00fcr den Winter sehr willkommen.<\/p>\n<p>Die Decken und Schlafs\u00e4cke k\u00f6nnen abgegeben werden:<\/p>\n<ul>\n<li>am Samstag, 18. November, von 8 Uhr bis 12.30 Uhr beim Kapuzinerkloster Bozen (Eingang rechts neben dem Portal der Kirche)<\/li>\n<li>ab Montag, 20. November, in der Kleiderkammer der Vinzenzgemeinschaft Bozen (Rittnerstra\u00dfe 49, N\u00e4he Talstation Rittner Seilbahn), zu folgenden \u00d6ffnungszeiten:<br \/>\nMontag von 8 Uhr bis 11 Uhr<br \/>\nMittwoch und Freitag von 14.30 Uhr bis 17.30 Uhr<\/li>\n<\/ul>\n","protected":false},"excerpt":{"rendered":"<p>Bozen. Unter der Br\u00fccke, im Park, in einem zugigen Durchgang: Eine Reihe von Menschen verbringen in Bozen die Nacht im Freien. Vor allem in der kalten Jahreszeit sind eine sch\u00fctzende Decke oder ein Schlafsack f\u00fcr die Obdachlosen ein \u00fcberaus wertvolles Gut, das ihr Leben auf der Stra\u00dfe etwas erleichtert oder sogar rettet. Viele klopfen daher&#8230;<\/p>\n","protected":false},"author":1,"featured_media":768,"comment_status":"closed","ping_status":"closed","sticky":false,"template":"","format":"standard","meta":{"_acf_changed":false,"footnotes":""},"categories":[1],"tags":[],"acf":[],"_links":{"self":[{"href":"https:\/\/www.vinzenzgemeinschaft.it\/de\/wp-json\/wp\/v2\/posts\/767"}],"collection":[{"href":"https:\/\/www.vinzenzgemeinschaft.it\/de\/wp-json\/wp\/v2\/posts"}],"about":[{"href":"https:\/\/www.vinzenzgemeinschaft.it\/de\/wp-json\/wp\/v2\/types\/post"}],"author":[{"embeddable":true,"href":"https:\/\/www.vinzenzgemeinschaft.it\/de\/wp-json\/wp\/v2\/users\/1"}],"replies":[{"embeddable":true,"href":"https:\/\/www.vinzenzgemeinschaft.it\/de\/wp-json\/wp\/v2\/comments?post=767"}],"version-history":[{"count":1,"href":"https:\/\/www.vinzenzgemeinschaft.it\/de\/wp-json\/wp\/v2\/posts\/767\/revisions"}],"predecessor-version":[{"id":770,"href":"https:\/\/www.vinzenzgemeinschaft.it\/de\/wp-json\/wp\/v2\/posts\/767\/revisions\/770"}],"wp:featuredmedia":[{"embeddable":true,"href":"https:\/\/www.vinzenzgemeinschaft.it\/de\/wp-json\/wp\/v2\/media\/768"}],"wp:attachment":[{"href":"https:\/\/www.vinzenzgemeinschaft.it\/de\/wp-json\/wp\/v2\/media?parent=767"}],"wp:term":[{"taxonomy":"category","embeddable":true,"href":"https:\/\/www.vinzenzgemeinschaft.it\/de\/wp-json\/wp\/v2\/categories?post=767"},{"taxonomy":"post_tag","embeddable":true,"href":"https:\/\/www.vinzenzgemeinschaft.it\/de\/wp-json\/wp\/v2\/tags?post=767"}],"curies":[{"name":"wp","href":"https:\/\/api.w.org\/{rel}","templated":true}]}}