{"id":763,"date":"2017-10-08T12:54:32","date_gmt":"2017-10-08T10:54:32","guid":{"rendered":"https:\/\/www.vinzenzgemeinschaft.it\/?p=763"},"modified":"2024-01-12T08:08:02","modified_gmt":"2024-01-12T07:08:02","slug":"wer-hilft-uns-helfen","status":"publish","type":"post","link":"https:\/\/www.vinzenzgemeinschaft.it\/de\/wer-hilft-uns-helfen\/","title":{"rendered":"Wer hilft uns helfen?"},"content":{"rendered":"<p><strong>Bozen.<\/strong> 8000 Menschen direkt von Armut betroffen, viele einsame \u00e4ltere Menschen, Obdachlose, minderj\u00e4hrige Fl\u00fcchtlinge: Der aktuelle Sozialbericht der Stadt Bozen zeigt, dass viele Menschen in der Landeshauptstadt Hilfe brauchen.<br \/>\nSeit Jahren sind die verschiedenen Vinzenzkonferenzen der Stadt und der n\u00e4heren Umgebung zur Stelle, um Notsituationen zu erkennen und auf direkte, menschennahe Weise zu helfen: Ob bei Hausbesuchen, in der F\u00fcrsorge- und Beratungsstelle, in der Kleiderkammer, bei der Lebensmitteltafel am VinziBus oder im Gef\u00e4ngnis.<br \/>\n\u201eDie Zahl der Menschen in Not steigt und wir suchen hilfsbereite Menschen, die bei unseren Hilfsangeboten mithelfen\u201c, erkl\u00e4rt Georg Oberrauch, Vorsitzender der insgesamt 16 Vinzenzkonferenzen von Bozen-Stadt. Auch wer anderen Menschen nur eine oder einige Stunden pro Woche \u201eschenken\u201c kann, sei herzlich willkommen, \u201eauch Leute, die vielleicht gerade in Pension gegangen sind, eine sinnvolle T\u00e4tigkeit suchen und sich mit dem vinzentinischen Kerngedanken der t\u00e4tigen N\u00e4chstenliebe identifizieren k\u00f6nnen, k\u00f6nnen bei uns ihre F\u00e4higkeiten einbringen\u201c. Immer willkommen sind unter anderem Mitarbeiterinnen und Mitarbeiter f\u00fcr mehrere Konferenzen (u.a. Bozen Zentrum, Rentsch, Gries, Maria in der Au, St. Jakob), f\u00fcr die Kleiderkammer und die Betreuung von Menschen im Gef\u00e4ngnis.<br \/>\n\u201eWir suchen keine Spezialisten f\u00fcr das Helfen. Wer bei uns mitmachen will, kann sofort anpacken, denn jede und jeder bringt Talente mit, die f\u00fcr unsere Arbeit wertvoll sind\u201c, betont der Bezirksvorsitzende Oberrauch.<\/p>\n<p>Interessierte k\u00f6nnen sich telefonisch 0471 970 086; (jeden Montag, Mittwoch und Freitag von 9 bis 11 Uhr) oder \u00fcber Mail (bozen@vinzenzgemeinschaft.it) melden und ein Kennenlerntreffen vereinbaren.<\/p>\n","protected":false},"excerpt":{"rendered":"<p>Bozen. 8000 Menschen direkt von Armut betroffen, viele einsame \u00e4ltere Menschen, Obdachlose, minderj\u00e4hrige Fl\u00fcchtlinge: Der aktuelle Sozialbericht der Stadt Bozen zeigt, dass viele Menschen in der Landeshauptstadt Hilfe brauchen. Seit Jahren sind die verschiedenen Vinzenzkonferenzen der Stadt und der n\u00e4heren Umgebung zur Stelle, um Notsituationen zu erkennen und auf direkte, menschennahe Weise zu helfen: Ob&#8230;<\/p>\n","protected":false},"author":1,"featured_media":764,"comment_status":"closed","ping_status":"closed","sticky":false,"template":"","format":"standard","meta":{"_acf_changed":false,"footnotes":""},"categories":[1],"tags":[],"acf":[],"_links":{"self":[{"href":"https:\/\/www.vinzenzgemeinschaft.it\/de\/wp-json\/wp\/v2\/posts\/763"}],"collection":[{"href":"https:\/\/www.vinzenzgemeinschaft.it\/de\/wp-json\/wp\/v2\/posts"}],"about":[{"href":"https:\/\/www.vinzenzgemeinschaft.it\/de\/wp-json\/wp\/v2\/types\/post"}],"author":[{"embeddable":true,"href":"https:\/\/www.vinzenzgemeinschaft.it\/de\/wp-json\/wp\/v2\/users\/1"}],"replies":[{"embeddable":true,"href":"https:\/\/www.vinzenzgemeinschaft.it\/de\/wp-json\/wp\/v2\/comments?post=763"}],"version-history":[{"count":1,"href":"https:\/\/www.vinzenzgemeinschaft.it\/de\/wp-json\/wp\/v2\/posts\/763\/revisions"}],"predecessor-version":[{"id":766,"href":"https:\/\/www.vinzenzgemeinschaft.it\/de\/wp-json\/wp\/v2\/posts\/763\/revisions\/766"}],"wp:featuredmedia":[{"embeddable":true,"href":"https:\/\/www.vinzenzgemeinschaft.it\/de\/wp-json\/wp\/v2\/media\/764"}],"wp:attachment":[{"href":"https:\/\/www.vinzenzgemeinschaft.it\/de\/wp-json\/wp\/v2\/media?parent=763"}],"wp:term":[{"taxonomy":"category","embeddable":true,"href":"https:\/\/www.vinzenzgemeinschaft.it\/de\/wp-json\/wp\/v2\/categories?post=763"},{"taxonomy":"post_tag","embeddable":true,"href":"https:\/\/www.vinzenzgemeinschaft.it\/de\/wp-json\/wp\/v2\/tags?post=763"}],"curies":[{"name":"wp","href":"https:\/\/api.w.org\/{rel}","templated":true}]}}