{"id":759,"date":"2017-04-24T12:53:31","date_gmt":"2017-04-24T10:53:31","guid":{"rendered":"https:\/\/www.vinzenzgemeinschaft.it\/?p=759"},"modified":"2024-01-12T08:08:02","modified_gmt":"2024-01-12T07:08:02","slug":"blick-zurueck-und-nach-vorne","status":"publish","type":"post","link":"https:\/\/www.vinzenzgemeinschaft.it\/de\/blick-zurueck-und-nach-vorne\/","title":{"rendered":"Blick zur\u00fcck und nach vorne"},"content":{"rendered":"<p><strong>Bozen.<\/strong> Der R\u00fcckblick auf die T\u00e4tigkeit im Jahr 2016, die Genehmigung des \u00fcberarbeiteten Statuts, ein Impulsreferat zum Thema &#8222;Freude im Dienst am N\u00e4chsten&#8220; und die Pr\u00e4sentation des Projekts &#8222;halbehalbe&#8220;: Das waren zentrale Tagesordnungspunkte der Jahresversammlung der Vinzenzgemeinschaft am 22. April in Bozen.<\/p>\n<p>Zu Beginn des Tages feierten die mehr als 100 Vinzenzschwestern und -br\u00fcder aus allen Landesteilen im Dom von Bozen die hl. Messe, die der Geistliche Beirat Bernhard Holzer zelebrierte. Bei der anschlie\u00dfenden Vollversammlung im Pastoralzentrum hielt Seelsorgeamtsleiter Reinhard Demetz ein Impulsreferat \u00fcber die richtige Motivation beim Helfen. Christliches Helfen sei kein &#8222;herstellendes Handeln&#8220;, das gewisserma\u00dfen die Welt retten m\u00fcsste; vielmehr habe Gott bereits die Wende zum Guten in die Wege geleitet, und wer helfe, bringe diese Liebe Gottes zu den Menschen zum Ausdruck. Mit breiter Mehrheit wurde dann das \u00fcberarbeitete Statut genehmigt. Es sieht Anpassungen an die Vorgaben der internationalen Vinzenzgemeinschaft vor, unter anderem wird die Amtsdauer von bisher 6 Jahren auf 3 Jahre halbiert. Eine Wiederwahl ist nur ein Mal m\u00f6glich.<\/p>\n<p>Dem T\u00e4tigkeitsbericht von Zentralratspr\u00e4sident Siegfried Holzer war zu entnehmen, dass die Vinzenzkonferenzen im abgelaufenen Jahr rund 4000 Einzelpersonen und 1250 Familien unterst\u00fctzten. Erfreulich hoch sei das Spendenaufkommen mit rund 950.000 Euro. Zusammen mit anderen Erl\u00f6sen (z.B. \u00fcber die 5-Promille-Gelder des Staates) konnten 1,1 Millionen Euro an Hilfsgeldern bereitgestellt werden. Der Bericht zeigt, dass vor allem bei Familien die Not st\u00e4ndig w\u00e4chst. Holzer sprach auch die Sorge um den Nachwuchs an. Er ermutigte die Konferenzen, Hilfsprojekte in kleinere Arbeiten aufzuf\u00e4chern und daf\u00fcr gezielt auch j\u00fcngere Menschen um Hilfe zu bitten.<\/p>\n<p>Die Gru\u00dfworte sprachen Christoph W\u00f6tzer von der Nordtiroler Vinzenzgemeinschaft und Stefan Prokop aus M\u00fcnchen. Silvia Moser von der Telefonseelsorge der Caritas bedankte sich f\u00fcr die finanzielle Unterst\u00fctzung dieses Dienstes durch die Vinzenzgemeinschaft.<\/p>\n<p>Zum Abschluss der Versammlung stellte Matthias Keitsch von der Genossenschaft Ex Libris das Projekt &#8222;halbehalbe&#8220; vor. \u00dcber eine Internetplattform sollen heimische Unternehmen qualit\u00e4tvolle Produkte und Dienstleistungen anbieten, beim Kauf kann der Kunde w\u00e4hlen, welche Non-Profit-Organisation (z.B. die Vinzenzgemeinschaft) 41 Prozent des Kaufpreises als Spende erh\u00e4lt; 9 Prozent des Betrages bleiben bei der Genossenschaft. Das Portal wird voraussichtlich zu Jahresende starten, die Vinzenzgemeinschaft wird noch entscheiden, ob sie sich daran beteiligt.<\/p>\n","protected":false},"excerpt":{"rendered":"<p>Bozen. Der R\u00fcckblick auf die T\u00e4tigkeit im Jahr 2016, die Genehmigung des \u00fcberarbeiteten Statuts, ein Impulsreferat zum Thema &#8222;Freude im Dienst am N\u00e4chsten&#8220; und die Pr\u00e4sentation des Projekts &#8222;halbehalbe&#8220;: Das waren zentrale Tagesordnungspunkte der Jahresversammlung der Vinzenzgemeinschaft am 22. April in Bozen. Zu Beginn des Tages feierten die mehr als 100 Vinzenzschwestern und -br\u00fcder aus&#8230;<\/p>\n","protected":false},"author":1,"featured_media":0,"comment_status":"closed","ping_status":"closed","sticky":false,"template":"","format":"standard","meta":{"_acf_changed":false,"footnotes":""},"categories":[1],"tags":[],"acf":[],"_links":{"self":[{"href":"https:\/\/www.vinzenzgemeinschaft.it\/de\/wp-json\/wp\/v2\/posts\/759"}],"collection":[{"href":"https:\/\/www.vinzenzgemeinschaft.it\/de\/wp-json\/wp\/v2\/posts"}],"about":[{"href":"https:\/\/www.vinzenzgemeinschaft.it\/de\/wp-json\/wp\/v2\/types\/post"}],"author":[{"embeddable":true,"href":"https:\/\/www.vinzenzgemeinschaft.it\/de\/wp-json\/wp\/v2\/users\/1"}],"replies":[{"embeddable":true,"href":"https:\/\/www.vinzenzgemeinschaft.it\/de\/wp-json\/wp\/v2\/comments?post=759"}],"version-history":[{"count":1,"href":"https:\/\/www.vinzenzgemeinschaft.it\/de\/wp-json\/wp\/v2\/posts\/759\/revisions"}],"predecessor-version":[{"id":762,"href":"https:\/\/www.vinzenzgemeinschaft.it\/de\/wp-json\/wp\/v2\/posts\/759\/revisions\/762"}],"wp:attachment":[{"href":"https:\/\/www.vinzenzgemeinschaft.it\/de\/wp-json\/wp\/v2\/media?parent=759"}],"wp:term":[{"taxonomy":"category","embeddable":true,"href":"https:\/\/www.vinzenzgemeinschaft.it\/de\/wp-json\/wp\/v2\/categories?post=759"},{"taxonomy":"post_tag","embeddable":true,"href":"https:\/\/www.vinzenzgemeinschaft.it\/de\/wp-json\/wp\/v2\/tags?post=759"}],"curies":[{"name":"wp","href":"https:\/\/api.w.org\/{rel}","templated":true}]}}