{"id":755,"date":"2017-03-15T12:52:34","date_gmt":"2017-03-15T11:52:34","guid":{"rendered":"https:\/\/www.vinzenzgemeinschaft.it\/?p=755"},"modified":"2024-01-12T08:08:03","modified_gmt":"2024-01-12T07:08:03","slug":"vom-vinzenzbruder-zum-seligen","status":"publish","type":"post","link":"https:\/\/www.vinzenzgemeinschaft.it\/de\/vom-vinzenzbruder-zum-seligen\/","title":{"rendered":"Vom Vinzenzbruder zum Seligen"},"content":{"rendered":"<p><strong>Bozen.<\/strong> Am 18. M\u00e4rz wird Josef Mayr-Nusser (1910-1945) im Dom von Bozen zum Seligen der katholischen Kirche erkl\u00e4rt. Dieser Tag ist auch ein Freudentag f\u00fcr die Vinzenzgemeinschaft, denn Mayr-Nusser sah gerade im Dienst bei der Vinzenzgemeinschaft eine M\u00f6glichkeit, den Alltag als Christ zu gestalten.<\/p>\n<p>Im Jahr 1932 trat der Angestellte in einem Laubengesch\u00e4ft der Bozner Vinzenzkonferenz bei. Als 1935 am Bozner Boden eine eigene Vinzenzkonferenz gegr\u00fcndet wurde, bestellte sie Mayr-Nusser zum Pr\u00e4sidenten. Die Sitzungsprotokolle zeigen, dass die Treffen unter seiner Pr\u00e4sidentschaft stets mit einer geistlichen Lesung begonnen hatten, worauf Josef Mayr-Nusser gr\u00f6\u00dften Wert legte. So schrieb er schon 1934 in einem \u201eVinzenzbrief\u201c \u00fcber \u201edie Lesung, die uns immer wieder lehrt, den Armen mit jenen Augen zu sehen, mit welchen ihn zu sehen uns Christus gelehrt hat, die uns dauernd mahnt, \u00fcber und vor dem zeitlichen Wohl unserer Armen deren ewiges Heil unsere Sorge sein zu lassen.\u201c<br \/>\nWie die Di\u00f6zese in einer Aussendung erinnert, wurde bei den w\u00f6chentlichen Sitzungen dar\u00fcber beraten, welche Familien und Einzelpersonen welche Unterst\u00fctzung n\u00f6tig hatten. Dabei gab es neben der finanziellen Unterst\u00fctzung auch Sachspenden (z.B. Kleidung), Lebensmittelspenden oder es wurden Arztkosten \u00fcbernommen. Auch auf die Gefangenen hatte die Vinzenzkonferenz ein waches Auge gelegt. Weil wegen des Krieges und der Auswanderung die Zahl der Mitglieder, die Besuche bei den Familien machen konnten, auf drei geschrumpft und der Gro\u00dfteil der Armen wegen der Bombardierungsgefahr umgesiedelt war, kam es im Oktober 1943 zur Zusammenlegung dieser Konferenz mit einer anderen Vinzenzkonferenz.<br \/>\nDie Protokolle der Konferenzsitzungen beweisen, dass Josef Mayr-Nusser ein Vorbild im Umgang mit den Armen und den Notleidenden war. Er hat aufgezeigt, dass der christliche Glaube in der gelebten N\u00e4chstenliebe \u201eHand und Fu\u00df\u201c bekommt und sich hier beweist sich, ob der Glaube alltagstauglich ist, denn Glaube ohne Liebe ist nicht glaubw\u00fcrdig. \u201eDr\u00fccken wir nicht durch leere Redensarten dem Armen unser Mitgef\u00fchl aus, sondern was wir sagen, das komme vom Herzen; nur dann wird es auch den Weg zum Herzen finden.\u201c<\/p>\n","protected":false},"excerpt":{"rendered":"<p>Bozen. Am 18. M\u00e4rz wird Josef Mayr-Nusser (1910-1945) im Dom von Bozen zum Seligen der katholischen Kirche erkl\u00e4rt. Dieser Tag ist auch ein Freudentag f\u00fcr die Vinzenzgemeinschaft, denn Mayr-Nusser sah gerade im Dienst bei der Vinzenzgemeinschaft eine M\u00f6glichkeit, den Alltag als Christ zu gestalten. Im Jahr 1932 trat der Angestellte in einem Laubengesch\u00e4ft der Bozner&#8230;<\/p>\n","protected":false},"author":1,"featured_media":756,"comment_status":"closed","ping_status":"closed","sticky":false,"template":"","format":"standard","meta":{"_acf_changed":false,"footnotes":""},"categories":[1],"tags":[],"acf":[],"_links":{"self":[{"href":"https:\/\/www.vinzenzgemeinschaft.it\/de\/wp-json\/wp\/v2\/posts\/755"}],"collection":[{"href":"https:\/\/www.vinzenzgemeinschaft.it\/de\/wp-json\/wp\/v2\/posts"}],"about":[{"href":"https:\/\/www.vinzenzgemeinschaft.it\/de\/wp-json\/wp\/v2\/types\/post"}],"author":[{"embeddable":true,"href":"https:\/\/www.vinzenzgemeinschaft.it\/de\/wp-json\/wp\/v2\/users\/1"}],"replies":[{"embeddable":true,"href":"https:\/\/www.vinzenzgemeinschaft.it\/de\/wp-json\/wp\/v2\/comments?post=755"}],"version-history":[{"count":1,"href":"https:\/\/www.vinzenzgemeinschaft.it\/de\/wp-json\/wp\/v2\/posts\/755\/revisions"}],"predecessor-version":[{"id":758,"href":"https:\/\/www.vinzenzgemeinschaft.it\/de\/wp-json\/wp\/v2\/posts\/755\/revisions\/758"}],"wp:featuredmedia":[{"embeddable":true,"href":"https:\/\/www.vinzenzgemeinschaft.it\/de\/wp-json\/wp\/v2\/media\/756"}],"wp:attachment":[{"href":"https:\/\/www.vinzenzgemeinschaft.it\/de\/wp-json\/wp\/v2\/media?parent=755"}],"wp:term":[{"taxonomy":"category","embeddable":true,"href":"https:\/\/www.vinzenzgemeinschaft.it\/de\/wp-json\/wp\/v2\/categories?post=755"},{"taxonomy":"post_tag","embeddable":true,"href":"https:\/\/www.vinzenzgemeinschaft.it\/de\/wp-json\/wp\/v2\/tags?post=755"}],"curies":[{"name":"wp","href":"https:\/\/api.w.org\/{rel}","templated":true}]}}