{"id":751,"date":"2017-02-15T12:51:05","date_gmt":"2017-02-15T11:51:05","guid":{"rendered":"https:\/\/www.vinzenzgemeinschaft.it\/?p=751"},"modified":"2024-01-12T08:08:03","modified_gmt":"2024-01-12T07:08:03","slug":"armendienst-ist-gottesdienst","status":"publish","type":"post","link":"https:\/\/www.vinzenzgemeinschaft.it\/de\/armendienst-ist-gottesdienst\/","title":{"rendered":"&#8222;Armendienst ist Gottesdienst&#8220;"},"content":{"rendered":"<p><strong>Bozen.<\/strong> &#8222;Geht nicht gibt&#8217;s nicht!&#8220; Das war eine der vielen Botschaften, die der Grazer Armenpfarrer Wolfgang Pucher beim Impulstag der Vinzenzgemeinschaft am 11. Februar in Bozen vermittelte. Zur Tagung im Kolpinghaus konnte Zentralratspr\u00e4sident Siegfried Holzer erfreulich viele Interessierte begr\u00fc\u00dfen.<br \/>\nNach einem R\u00fcckblick auf 140 Jahre Vinzenzkonferenzen in S\u00fcdtirol durch Ehrenpr\u00e4sident Pepi Plankensteiner begeisterte Pfarrer Pucher mit seinem Referat das Publikum. Er bezeichnete den Heiligen Vinzenz von Paul &#8211; neben Franz von Assisi &#8211; als gr\u00f6\u00dfte Pers\u00f6nlichkeit der Christenheit und Retter der Kirche. Dieser Heilige habe erkannt, dass die Kirche nicht aus Mauern und Steinen bestehe, sondern aus Menschen. Nach dem Motto &#8222;Armendienst ist Gottesdienst&#8220; habe Vinzenz von Paul wieder die wahren Wurzeln der christlichen Religion freigelegt: Gott im N\u00e4chsten, vor allem im Not leidenden Menschen, zu dienen. Das &#8222;Wunder der ersten Vinzenzkonferenz&#8220; habe darin bestanden, dass der Kreis um Frederic Ozanam nicht bei B\u00fcchern und dem Diskutieren stehen geblieben sei, sondern einer frierenden Frau in der Nachbarschaft Holz gebracht habe.<br \/>\nDer Grazer Geistliche ermutigte die Zuh\u00f6rer, ganz pers\u00f6nlich eine &#8222;Oase der Barmherzigkeit&#8220; zu sein. Niemand m\u00fcsse sich um das Elend der ganzen Welt k\u00fcmmern &#8211; aber es gehe darum, sich von der Not desjenigen Menschen ansprechen zu lassen, der gerade vor mir stehe. &#8222;Immer vorbeigehen, nie hinschauen, sich nie interessieren &#8211; das ist zu wenig f\u00fcr einen Christen&#8220;, betonte Pfarrer Pucher. Christliches Leben bestehe darin, im Alltag diesen Gottesdienst zu feiern durch Armendienst.<br \/>\nAbgerundet wurde die Tagung mit einer Podiumsdiskussion zur Frage &#8222;Wie arm ist arm?&#8220;. Zu Wort kamen Landesr\u00e4tin Martha Stocker, Katherina Mittermair vom B\u00e4uerlichen Notstandsfonds, Petra Priller von der Schuldnerberatung der Caritas sowie Elisabeth Tribus und Lieselotte Gutweniger Bonati von &#8222;Frauen helfen Frauen&#8220;.<\/p>\n","protected":false},"excerpt":{"rendered":"<p>Bozen. &#8222;Geht nicht gibt&#8217;s nicht!&#8220; Das war eine der vielen Botschaften, die der Grazer Armenpfarrer Wolfgang Pucher beim Impulstag der Vinzenzgemeinschaft am 11. Februar in Bozen vermittelte. Zur Tagung im Kolpinghaus konnte Zentralratspr\u00e4sident Siegfried Holzer erfreulich viele Interessierte begr\u00fc\u00dfen. Nach einem R\u00fcckblick auf 140 Jahre Vinzenzkonferenzen in S\u00fcdtirol durch Ehrenpr\u00e4sident Pepi Plankensteiner begeisterte Pfarrer Pucher&#8230;<\/p>\n","protected":false},"author":1,"featured_media":752,"comment_status":"closed","ping_status":"closed","sticky":false,"template":"","format":"standard","meta":{"_acf_changed":false,"footnotes":""},"categories":[1],"tags":[],"acf":[],"_links":{"self":[{"href":"https:\/\/www.vinzenzgemeinschaft.it\/de\/wp-json\/wp\/v2\/posts\/751"}],"collection":[{"href":"https:\/\/www.vinzenzgemeinschaft.it\/de\/wp-json\/wp\/v2\/posts"}],"about":[{"href":"https:\/\/www.vinzenzgemeinschaft.it\/de\/wp-json\/wp\/v2\/types\/post"}],"author":[{"embeddable":true,"href":"https:\/\/www.vinzenzgemeinschaft.it\/de\/wp-json\/wp\/v2\/users\/1"}],"replies":[{"embeddable":true,"href":"https:\/\/www.vinzenzgemeinschaft.it\/de\/wp-json\/wp\/v2\/comments?post=751"}],"version-history":[{"count":1,"href":"https:\/\/www.vinzenzgemeinschaft.it\/de\/wp-json\/wp\/v2\/posts\/751\/revisions"}],"predecessor-version":[{"id":754,"href":"https:\/\/www.vinzenzgemeinschaft.it\/de\/wp-json\/wp\/v2\/posts\/751\/revisions\/754"}],"wp:featuredmedia":[{"embeddable":true,"href":"https:\/\/www.vinzenzgemeinschaft.it\/de\/wp-json\/wp\/v2\/media\/752"}],"wp:attachment":[{"href":"https:\/\/www.vinzenzgemeinschaft.it\/de\/wp-json\/wp\/v2\/media?parent=751"}],"wp:term":[{"taxonomy":"category","embeddable":true,"href":"https:\/\/www.vinzenzgemeinschaft.it\/de\/wp-json\/wp\/v2\/categories?post=751"},{"taxonomy":"post_tag","embeddable":true,"href":"https:\/\/www.vinzenzgemeinschaft.it\/de\/wp-json\/wp\/v2\/tags?post=751"}],"curies":[{"name":"wp","href":"https:\/\/api.w.org\/{rel}","templated":true}]}}