{"id":747,"date":"2017-01-13T12:48:50","date_gmt":"2017-01-13T11:48:50","guid":{"rendered":"https:\/\/www.vinzenzgemeinschaft.it\/?p=747"},"modified":"2024-01-12T08:08:03","modified_gmt":"2024-01-12T07:08:03","slug":"impulstagung-mit-pfarrer-wolfgang-pucher","status":"publish","type":"post","link":"https:\/\/www.vinzenzgemeinschaft.it\/de\/impulstagung-mit-pfarrer-wolfgang-pucher\/","title":{"rendered":"Impulstagung mit Pfarrer Wolfgang Pucher"},"content":{"rendered":"<p><strong>Bozen.<\/strong> &#8222;Wie arm ist arm?&#8220; Diese Frage steht im Mittelpunkt der Impulstagung der S\u00fcdtiroler Vinzenzgemeinschaft, die am Samstag, 11. Februar, von 9 bis 12.30 Uhr im Kolpinghaus Bozen stattfindet. Antworten auf diese Frage wird der bekannte \u00f6sterreichische &#8222;Armenpfarrer&#8220; und Gr\u00fcnder der VinziWerke in Graz <strong>Wolfgang Pucher<\/strong> (im Bild) in seinem Referat geben. Zugleich blicken wir auf 140 Jahre Vinzenzgemeinschaft in S\u00fcdtirol zur\u00fcck. Zur Tagung sind Mitglieder der Vinzenzkonferenzen eingeladen, sie steht aber auch allen Interessierten offen.<\/p>\n<p><strong>Das Programm:<br \/>\n<\/strong>Begr\u00fc\u00dfung durch Zentralratspr\u00e4sident Siegfried Holzer<\/p>\n<p>140 Jahre Vinzenzgemeinschaft in S\u00fcdtirol: Kurzreferat des Ehrenpr\u00e4sidenten Pepi Plankensteiner<\/p>\n<p>&#8222;Wie arm ist arm?&#8220; Referat von Pfarrer Wolfgang Pucher, Graz<\/p>\n<p>Podiumsdiskussion zum Thema des Tages mit Landesr\u00e4tin Martha Stocker, Sepp Dariz vom B\u00e4uerlichen Notstandsfonds, Elisabeth Tribus und Lieselotte Gutweniger Bonati von Frauen helfen Frauen und Petra Priller von der Schuldnerberatung der Caritas.<\/p>\n<p><strong>\u200bPfarrer Wolfgang Pucher im Steckbrief<br \/>\n<\/strong>1939 in Hausmannst\u00e4tten bei Graz geboren; 1958 Eintritt in den Orden der Lazaristen; 1963 Priesterweihe; von 1969 bis 1973 Internatsleiter am St.-Georgs-Kolleg in Istanbul; 1973 \u00dcbernahme der Pfarre Graz-St.Vinzenz; 1990 Gr\u00fcndung der Jugend-Vinzenzgemeinschaft Eggenberg, aus der 38 Einrichtungen hervorgehen: VinziBus, VinziNest, VinziDorf, VinziMed, VinziMarkt, VinziHelp. 2005 Wahl zum \u201e\u00d6sterreicher des Jahres\u201c durch die \u201ePresse\u201c-Leser.<\/p>\n","protected":false},"excerpt":{"rendered":"<p>Bozen. &#8222;Wie arm ist arm?&#8220; Diese Frage steht im Mittelpunkt der Impulstagung der S\u00fcdtiroler Vinzenzgemeinschaft, die am Samstag, 11. Februar, von 9 bis 12.30 Uhr im Kolpinghaus Bozen stattfindet. Antworten auf diese Frage wird der bekannte \u00f6sterreichische &#8222;Armenpfarrer&#8220; und Gr\u00fcnder der VinziWerke in Graz Wolfgang Pucher (im Bild) in seinem Referat geben. Zugleich blicken wir&#8230;<\/p>\n","protected":false},"author":1,"featured_media":749,"comment_status":"closed","ping_status":"closed","sticky":false,"template":"","format":"standard","meta":{"_acf_changed":false,"footnotes":""},"categories":[1],"tags":[],"acf":[],"_links":{"self":[{"href":"https:\/\/www.vinzenzgemeinschaft.it\/de\/wp-json\/wp\/v2\/posts\/747"}],"collection":[{"href":"https:\/\/www.vinzenzgemeinschaft.it\/de\/wp-json\/wp\/v2\/posts"}],"about":[{"href":"https:\/\/www.vinzenzgemeinschaft.it\/de\/wp-json\/wp\/v2\/types\/post"}],"author":[{"embeddable":true,"href":"https:\/\/www.vinzenzgemeinschaft.it\/de\/wp-json\/wp\/v2\/users\/1"}],"replies":[{"embeddable":true,"href":"https:\/\/www.vinzenzgemeinschaft.it\/de\/wp-json\/wp\/v2\/comments?post=747"}],"version-history":[{"count":1,"href":"https:\/\/www.vinzenzgemeinschaft.it\/de\/wp-json\/wp\/v2\/posts\/747\/revisions"}],"predecessor-version":[{"id":748,"href":"https:\/\/www.vinzenzgemeinschaft.it\/de\/wp-json\/wp\/v2\/posts\/747\/revisions\/748"}],"wp:featuredmedia":[{"embeddable":true,"href":"https:\/\/www.vinzenzgemeinschaft.it\/de\/wp-json\/wp\/v2\/media\/749"}],"wp:attachment":[{"href":"https:\/\/www.vinzenzgemeinschaft.it\/de\/wp-json\/wp\/v2\/media?parent=747"}],"wp:term":[{"taxonomy":"category","embeddable":true,"href":"https:\/\/www.vinzenzgemeinschaft.it\/de\/wp-json\/wp\/v2\/categories?post=747"},{"taxonomy":"post_tag","embeddable":true,"href":"https:\/\/www.vinzenzgemeinschaft.it\/de\/wp-json\/wp\/v2\/tags?post=747"}],"curies":[{"name":"wp","href":"https:\/\/api.w.org\/{rel}","templated":true}]}}