{"id":738,"date":"2016-10-01T12:39:13","date_gmt":"2016-10-01T10:39:13","guid":{"rendered":"https:\/\/www.vinzenzgemeinschaft.it\/?p=738"},"modified":"2024-01-12T08:08:03","modified_gmt":"2024-01-12T07:08:03","slug":"gemeinsame-wallfahrt-nach-brixen","status":"publish","type":"post","link":"https:\/\/www.vinzenzgemeinschaft.it\/de\/gemeinsame-wallfahrt-nach-brixen\/","title":{"rendered":"Gemeinsame Wallfahrt nach Brixen"},"content":{"rendered":"<p>&#8222;Christentum ist eine konkrete Religion, eine Religion des Handelns&#8220;: Das betonte der Brixner Domdekan Ulrich Fistill am 1. Oktober vor mehr als 400 Vinzenzbr\u00fcdern und -schwestern aus Nordtirol, S\u00fcdtirol und dem Trentino, die zu ihrer Jahreswallfahrt in den Brixner Dom gekommen waren. Die Wallfahrer waren durch die Stadt, durch Kreuzgang und Heilige Pforte in die Bischofskirche eingezogen. Dort begr\u00fc\u00dfte der S\u00fcdtiroler Zentralratsvorsitzende Siegfried Holzer die Gemeinschaft zum &#8222;gemeinsamen Gebet um Kraft f\u00fcr unser Wirken&#8220;.<\/p>\n<p>Die Eucharistiefeier gestalteten Clara Sattler (Gesang) und Franz Comploi an der Orgel mit. In der Predigt betonte Domdekan Fistill, dass Christentum \u2013 nach einem Satz von Papst Franziskus &#8211; &#8222;eine konkrete Religion, eine Religion des Handelns&#8220; sei. Es gen\u00fcge nicht &#8222;schon katholisch zu sein&#8220;, ab und zu ein bisschen zu helfen und eine Spende zu geben. &#8222;Konkretes christliches Tun hei\u00dft sich den Menschen zuwenden, f\u00fcr sie Zeit und Energie aufwenden&#8220;. Die Vinzengemeinschaften lebten diesen Grundsatz.<\/p>\n<p>Nach der Messfeier gab es ein gemeinsames Mittagessen, am Nachmittag wurden F\u00fchrungen durch Kreuzgang und Dom angeboten, die Wallfahrt endete mit einer Andacht in der Kathedrale.<\/p>\n","protected":false},"excerpt":{"rendered":"<p>&#8222;Christentum ist eine konkrete Religion, eine Religion des Handelns&#8220;: Das betonte der Brixner Domdekan Ulrich Fistill am 1. Oktober vor mehr als 400 Vinzenzbr\u00fcdern und -schwestern aus Nordtirol, S\u00fcdtirol und dem Trentino, die zu ihrer Jahreswallfahrt in den Brixner Dom gekommen waren. Die Wallfahrer waren durch die Stadt, durch Kreuzgang und Heilige Pforte in die&#8230;<\/p>\n","protected":false},"author":1,"featured_media":739,"comment_status":"closed","ping_status":"closed","sticky":false,"template":"","format":"standard","meta":{"_acf_changed":false,"footnotes":""},"categories":[1],"tags":[],"acf":[],"_links":{"self":[{"href":"https:\/\/www.vinzenzgemeinschaft.it\/de\/wp-json\/wp\/v2\/posts\/738"}],"collection":[{"href":"https:\/\/www.vinzenzgemeinschaft.it\/de\/wp-json\/wp\/v2\/posts"}],"about":[{"href":"https:\/\/www.vinzenzgemeinschaft.it\/de\/wp-json\/wp\/v2\/types\/post"}],"author":[{"embeddable":true,"href":"https:\/\/www.vinzenzgemeinschaft.it\/de\/wp-json\/wp\/v2\/users\/1"}],"replies":[{"embeddable":true,"href":"https:\/\/www.vinzenzgemeinschaft.it\/de\/wp-json\/wp\/v2\/comments?post=738"}],"version-history":[{"count":1,"href":"https:\/\/www.vinzenzgemeinschaft.it\/de\/wp-json\/wp\/v2\/posts\/738\/revisions"}],"predecessor-version":[{"id":741,"href":"https:\/\/www.vinzenzgemeinschaft.it\/de\/wp-json\/wp\/v2\/posts\/738\/revisions\/741"}],"wp:featuredmedia":[{"embeddable":true,"href":"https:\/\/www.vinzenzgemeinschaft.it\/de\/wp-json\/wp\/v2\/media\/739"}],"wp:attachment":[{"href":"https:\/\/www.vinzenzgemeinschaft.it\/de\/wp-json\/wp\/v2\/media?parent=738"}],"wp:term":[{"taxonomy":"category","embeddable":true,"href":"https:\/\/www.vinzenzgemeinschaft.it\/de\/wp-json\/wp\/v2\/categories?post=738"},{"taxonomy":"post_tag","embeddable":true,"href":"https:\/\/www.vinzenzgemeinschaft.it\/de\/wp-json\/wp\/v2\/tags?post=738"}],"curies":[{"name":"wp","href":"https:\/\/api.w.org\/{rel}","templated":true}]}}