{"id":734,"date":"2016-09-23T12:35:31","date_gmt":"2016-09-23T10:35:31","guid":{"rendered":"https:\/\/www.vinzenzgemeinschaft.it\/?p=734"},"modified":"2024-01-12T08:08:03","modified_gmt":"2024-01-12T07:08:03","slug":"ein-seliger-aus-unseren-reihen","status":"publish","type":"post","link":"https:\/\/www.vinzenzgemeinschaft.it\/de\/ein-seliger-aus-unseren-reihen\/","title":{"rendered":"Ein Seliger aus unseren Reihen"},"content":{"rendered":"<p><strong>Bozen.<\/strong> Am 18. M\u00e4rz 2017 wird im Dom von Bozen Josef Mayr-Nusser (1910-1945) zum Seligen der Kirche erkl\u00e4rt. Mayr-Nusser hatte den SS-Eid auf Hitler aus religi\u00f6ser \u00dcberzeugung verweigert, er wurde zum Tode verurteilt und starb auf dem Transport ins KZ.<br \/>\nBei der Sitzung des Zentralrates am 22. September regte der Geistliche Assistent Dekan Bernhard Holzer an, dass sich auch die Vinzenzgemeinschaft mit diesem Glaubenszeugen unserer Zeit auseinandersetzt. Nicht zuletzt deshalb, weil Mayr-Nusser ein eifriges Mitglied der Vinzenzkonferenz Bozen-Stadt war; ab 2. Oktober 1937 war er zudem Pr\u00e4sident der neu gegr\u00fcndeten Vinzenzkonferenz Johann Nepomuk Tschiderer.<br \/>\nF\u00fcr die Zeitschrift der Gemeinschaft, die &#8222;Vinzenzbriefe&#8220;, verfasste der Glaubenszeuge mehrere Beitr\u00e4ge, die einen Einblick in seinen tiefen Glauben und seine christliche Hilfsbereitschaft geben. &#8222;Die Vinzenzgemeinschaft freut sich \u00fcber den neuen Seligen f\u00fcr unser Land und wir werden dazu beitragen, dass er auch f\u00fcr die heutige Zeit als Vorbild bekannter wird&#8220;, erkl\u00e4rt der Zentralratsvorsitzende Siegfried Holzer.<\/p>\n","protected":false},"excerpt":{"rendered":"<p>Bozen. Am 18. M\u00e4rz 2017 wird im Dom von Bozen Josef Mayr-Nusser (1910-1945) zum Seligen der Kirche erkl\u00e4rt. Mayr-Nusser hatte den SS-Eid auf Hitler aus religi\u00f6ser \u00dcberzeugung verweigert, er wurde zum Tode verurteilt und starb auf dem Transport ins KZ. Bei der Sitzung des Zentralrates am 22. September regte der Geistliche Assistent Dekan Bernhard Holzer&#8230;<\/p>\n","protected":false},"author":1,"featured_media":735,"comment_status":"closed","ping_status":"closed","sticky":false,"template":"","format":"standard","meta":{"_acf_changed":false,"footnotes":""},"categories":[1],"tags":[],"acf":[],"_links":{"self":[{"href":"https:\/\/www.vinzenzgemeinschaft.it\/de\/wp-json\/wp\/v2\/posts\/734"}],"collection":[{"href":"https:\/\/www.vinzenzgemeinschaft.it\/de\/wp-json\/wp\/v2\/posts"}],"about":[{"href":"https:\/\/www.vinzenzgemeinschaft.it\/de\/wp-json\/wp\/v2\/types\/post"}],"author":[{"embeddable":true,"href":"https:\/\/www.vinzenzgemeinschaft.it\/de\/wp-json\/wp\/v2\/users\/1"}],"replies":[{"embeddable":true,"href":"https:\/\/www.vinzenzgemeinschaft.it\/de\/wp-json\/wp\/v2\/comments?post=734"}],"version-history":[{"count":1,"href":"https:\/\/www.vinzenzgemeinschaft.it\/de\/wp-json\/wp\/v2\/posts\/734\/revisions"}],"predecessor-version":[{"id":737,"href":"https:\/\/www.vinzenzgemeinschaft.it\/de\/wp-json\/wp\/v2\/posts\/734\/revisions\/737"}],"wp:featuredmedia":[{"embeddable":true,"href":"https:\/\/www.vinzenzgemeinschaft.it\/de\/wp-json\/wp\/v2\/media\/735"}],"wp:attachment":[{"href":"https:\/\/www.vinzenzgemeinschaft.it\/de\/wp-json\/wp\/v2\/media?parent=734"}],"wp:term":[{"taxonomy":"category","embeddable":true,"href":"https:\/\/www.vinzenzgemeinschaft.it\/de\/wp-json\/wp\/v2\/categories?post=734"},{"taxonomy":"post_tag","embeddable":true,"href":"https:\/\/www.vinzenzgemeinschaft.it\/de\/wp-json\/wp\/v2\/tags?post=734"}],"curies":[{"name":"wp","href":"https:\/\/api.w.org\/{rel}","templated":true}]}}