{"id":2441,"date":"2022-03-19T17:27:33","date_gmt":"2022-03-19T16:27:33","guid":{"rendered":"https:\/\/www.vinzenzgemeinschaft.it\/?p=2441"},"modified":"2024-01-12T08:07:57","modified_gmt":"2024-01-12T07:07:57","slug":"benefizveranstaltung-zu-gunsten-der-vinzenzgemeinschaft","status":"publish","type":"post","link":"https:\/\/www.vinzenzgemeinschaft.it\/de\/benefizveranstaltung-zu-gunsten-der-vinzenzgemeinschaft\/","title":{"rendered":"Benefizveranstaltung zu Gunsten der Vinzenzgemeinschaft <br> am 06. April in Vahrn <br> am 07. April in Algund <br > am 08. April in Schlanders <br> um 20.00  Uhr"},"content":{"rendered":"<p><strong>&#8222;Corona Requiem 2022\u201c in Memoriam<\/strong><\/p>\n<p>Das Oratorium <strong>\u201eCorona Requiem 2022\u201c von Richard J. Sigmund (Op. 82)<\/strong> wird in der ersten Aprilwoche in den drei S\u00fcdtiroler Ortschaften Vahrn, Algund und Schlanders zur Auff\u00fchrung gebracht. Unter der Gesamtleitung vom Komponisten wird das Ensemble mit Solisten, Chors\u00e4nger\/innen und Orchester aus dem In- und Ausland das Werk in szenischer Form dem Publikum n\u00e4herbringen. \u201cGewidmet allen, welche in dieser Zeit ihr Leben lassen mussten und Hommage an all jene, welche durch beispiellosen Einsatz unsere Gesellschaft am Leben erhalten haben\u201c, so die Beweggr\u00fcnde von Richard J. Sigmund.<\/p>\n<p>Im Oratorium werden Eindr\u00fccke aus der schwersten Zeit w\u00e4hrend der Corona-Pandemie auf die B\u00fchne gebracht. Der Konzertbesucher wird dabei auf eine musikalische Reise mitgenommen, eine Reise der Erinnerung, der Trauer, des Gedenkens und nicht zuletzt der Zuversicht. <strong>Die 10 Szenen des Oratoriums<\/strong> lassen Momente aufleben, die unsere Gesellschaft \u00fcber die letzten 2 Jahre stark bewegt haben und sicherlich auch \u00fcber Pandemie Zeit hinaus nachhaltig pr\u00e4gen werden.<\/p>\n<p>Frau Dr. Andrea Gabis, Pr\u00e4sidentin des Hauptveranstalter Kulturverein Amat\u00e9, bringt die Hintergr\u00fcnde der Initiative auf den Punkt: \u201eEs ist uns allen ein besonderes Anliegen, uns durch Begegnung und gegenseitigem Trost von den vielen <strong>Toten dieser Corona-Zeit in W\u00fcrde zu verabschieden zu d\u00fcrfen.\u201c <\/strong>Das Werk soll damit eine Hommage an alle Betroffenen dieser Zeit sein. Gemeinsam mit dem F\u00f6rderverein Palliative Care und der Vinzenzgemeinschaft wurde das Projekt initiiert und wird somit zu einer <strong>tiefen Verneigung<\/strong> vor jenen, die ohne Beisein ihrer Liebsten gehen mussten, einsam und allein, ohne letzten H\u00e4ndedruck, ohne letzte Umarmung, ohne ein letztes Wort. Vor allem sollen diese musikalischen Gedanken auch als Chapeau vor den vielen \u00c4rzten, Pflegern und Helfern gelten, die bis an die Grenzen der Belastbarkeit gegangen sind und deren Kr\u00e4fte und Seelen an vorderster Front bestehen mussten.<\/p>\n<p>Durch die geplanten Auff\u00fchrungen werden f\u00fcr die <strong>\u201eVinzenzgemeinschaft\u201c<\/strong> Spenden gesammelt, um das Helfen f\u00fcr jene Menschen und Familien, die durch diese Corona Pandemie in Notlage gekommen sind, etwas zu unterst\u00fctzen.<\/p>\n<p>&nbsp;<\/p>\n","protected":false},"excerpt":{"rendered":"<p>&#8222;Corona Requiem 2022\u201c in Memoriam Das Oratorium \u201eCorona Requiem 2022\u201c von Richard J. Sigmund (Op. 82) wird in der ersten Aprilwoche in den drei S\u00fcdtiroler Ortschaften Vahrn, Algund und Schlanders zur Auff\u00fchrung gebracht. Unter der Gesamtleitung vom Komponisten wird das Ensemble mit Solisten, Chors\u00e4nger\/innen und Orchester aus dem In- und Ausland das Werk in szenischer&#8230;<\/p>\n","protected":false},"author":2,"featured_media":2456,"comment_status":"closed","ping_status":"closed","sticky":false,"template":"","format":"standard","meta":{"_acf_changed":false,"footnotes":""},"categories":[1],"tags":[],"acf":[],"_links":{"self":[{"href":"https:\/\/www.vinzenzgemeinschaft.it\/de\/wp-json\/wp\/v2\/posts\/2441"}],"collection":[{"href":"https:\/\/www.vinzenzgemeinschaft.it\/de\/wp-json\/wp\/v2\/posts"}],"about":[{"href":"https:\/\/www.vinzenzgemeinschaft.it\/de\/wp-json\/wp\/v2\/types\/post"}],"author":[{"embeddable":true,"href":"https:\/\/www.vinzenzgemeinschaft.it\/de\/wp-json\/wp\/v2\/users\/2"}],"replies":[{"embeddable":true,"href":"https:\/\/www.vinzenzgemeinschaft.it\/de\/wp-json\/wp\/v2\/comments?post=2441"}],"version-history":[{"count":14,"href":"https:\/\/www.vinzenzgemeinschaft.it\/de\/wp-json\/wp\/v2\/posts\/2441\/revisions"}],"predecessor-version":[{"id":2463,"href":"https:\/\/www.vinzenzgemeinschaft.it\/de\/wp-json\/wp\/v2\/posts\/2441\/revisions\/2463"}],"wp:featuredmedia":[{"embeddable":true,"href":"https:\/\/www.vinzenzgemeinschaft.it\/de\/wp-json\/wp\/v2\/media\/2456"}],"wp:attachment":[{"href":"https:\/\/www.vinzenzgemeinschaft.it\/de\/wp-json\/wp\/v2\/media?parent=2441"}],"wp:term":[{"taxonomy":"category","embeddable":true,"href":"https:\/\/www.vinzenzgemeinschaft.it\/de\/wp-json\/wp\/v2\/categories?post=2441"},{"taxonomy":"post_tag","embeddable":true,"href":"https:\/\/www.vinzenzgemeinschaft.it\/de\/wp-json\/wp\/v2\/tags?post=2441"}],"curies":[{"name":"wp","href":"https:\/\/api.w.org\/{rel}","templated":true}]}}