{"id":2410,"date":"2022-03-10T17:25:57","date_gmt":"2022-03-10T16:25:57","guid":{"rendered":"https:\/\/www.vinzenzgemeinschaft.it\/?p=2410"},"modified":"2024-01-12T08:07:58","modified_gmt":"2024-01-12T07:07:58","slug":"benefizkonzert-zu-gunsten-der-vinzenzgemeinschaft","status":"publish","type":"post","link":"https:\/\/www.vinzenzgemeinschaft.it\/de\/benefizkonzert-zu-gunsten-der-vinzenzgemeinschaft\/","title":{"rendered":"Benefizkonzert zu Gunsten der Vinzenzgemeinschaft"},"content":{"rendered":"<p>Das FORUM VIVIT organisiert im Kolpinghaus in Meran am kommenden<br \/>\n<strong>Samstag 12.M\u00e4rz 2022 um 19:30 <\/strong>einen Liederabend mit Alfred Mair.<br \/>\nDer Reinerl\u00f6s geht zugunsten der Vinzenzgemeinschaft.<br \/>\nAlle Freunde und G\u00f6nner der Vinzenzgemeinschaft sind herzlich eingeladen.<\/p>\n","protected":false},"excerpt":{"rendered":"<p>Das FORUM VIVIT organisiert im Kolpinghaus in Meran am kommenden Samstag 12.M\u00e4rz 2022 um 19:30 einen Liederabend mit Alfred Mair. Der Reinerl\u00f6s geht zugunsten der Vinzenzgemeinschaft. Alle Freunde und G\u00f6nner der Vinzenzgemeinschaft sind herzlich eingeladen.<\/p>\n","protected":false},"author":2,"featured_media":2427,"comment_status":"closed","ping_status":"closed","sticky":false,"template":"","format":"standard","meta":{"_acf_changed":false,"footnotes":""},"categories":[1],"tags":[],"acf":[],"_links":{"self":[{"href":"https:\/\/www.vinzenzgemeinschaft.it\/de\/wp-json\/wp\/v2\/posts\/2410"}],"collection":[{"href":"https:\/\/www.vinzenzgemeinschaft.it\/de\/wp-json\/wp\/v2\/posts"}],"about":[{"href":"https:\/\/www.vinzenzgemeinschaft.it\/de\/wp-json\/wp\/v2\/types\/post"}],"author":[{"embeddable":true,"href":"https:\/\/www.vinzenzgemeinschaft.it\/de\/wp-json\/wp\/v2\/users\/2"}],"replies":[{"embeddable":true,"href":"https:\/\/www.vinzenzgemeinschaft.it\/de\/wp-json\/wp\/v2\/comments?post=2410"}],"version-history":[{"count":6,"href":"https:\/\/www.vinzenzgemeinschaft.it\/de\/wp-json\/wp\/v2\/posts\/2410\/revisions"}],"predecessor-version":[{"id":2430,"href":"https:\/\/www.vinzenzgemeinschaft.it\/de\/wp-json\/wp\/v2\/posts\/2410\/revisions\/2430"}],"wp:featuredmedia":[{"embeddable":true,"href":"https:\/\/www.vinzenzgemeinschaft.it\/de\/wp-json\/wp\/v2\/media\/2427"}],"wp:attachment":[{"href":"https:\/\/www.vinzenzgemeinschaft.it\/de\/wp-json\/wp\/v2\/media?parent=2410"}],"wp:term":[{"taxonomy":"category","embeddable":true,"href":"https:\/\/www.vinzenzgemeinschaft.it\/de\/wp-json\/wp\/v2\/categories?post=2410"},{"taxonomy":"post_tag","embeddable":true,"href":"https:\/\/www.vinzenzgemeinschaft.it\/de\/wp-json\/wp\/v2\/tags?post=2410"}],"curies":[{"name":"wp","href":"https:\/\/api.w.org\/{rel}","templated":true}]}}