{"id":2345,"date":"2021-12-20T15:10:56","date_gmt":"2021-12-20T14:10:56","guid":{"rendered":"https:\/\/www.vinzenzgemeinschaft.it\/?p=2345"},"modified":"2024-01-12T08:07:58","modified_gmt":"2024-01-12T07:07:58","slug":"weihnachtsgruss-vom-praesidenten-der-suedtiroler-vinzenzgemeinschaft","status":"publish","type":"post","link":"https:\/\/www.vinzenzgemeinschaft.it\/de\/weihnachtsgruss-vom-praesidenten-der-suedtiroler-vinzenzgemeinschaft\/","title":{"rendered":"WEIHNACHTSGRUSS  vom Pr\u00e4sidenten <br>der S\u00fcdtiroler Vinzenzgemeinschaft"},"content":{"rendered":"<p>\u201eWeihnachten kommt \u00fcber einen und legt sich warm und weich auf einen und duftet nach Tannen und Wachskerzen und Lebkuchen.<\/p>\n<p>Ich habe das Gef\u00fchl, dass man mit Weihnachten wachsen muss.<\/p>\n<p>Mir ist, als ob dann Barrikaden fallen, die man m\u00fchsam und kleinlich gegen so vieles und viele aufgebaut hat, als ob man weiter w\u00fcrde, und dass jedes Jahr eine neue wei\u00dfe Rose aufbl\u00fcht und den anderen zuwinkt und in sie hineinleuchtet und die Welt erf\u00fcllt mit Sch\u00f6nheit und Duft.<\/p>\n<p>Und das ist Leben, und ist ein Leben wie ein Gebet, ein jauchzendes Gebet, welches immer tiefer hinabsteigt in den Sinn des Seins, dessen Auge gr\u00f6\u00dfer wird und ernster, weil es viel gesehen hat.\u201c<\/p>\n<p>In\u00a0 Sinne dieser Zeilen w\u00fcnsche ich<\/p>\n<p>Frohe Weihnachten und alles Gute f\u00fcr das Jahr 2022<\/p>\n<p>Josef Andreas Haspinger<br \/>\nZentralratspr\u00e4sident<\/p>\n","protected":false},"excerpt":{"rendered":"<p>\u201eWeihnachten kommt \u00fcber einen und legt sich warm und weich auf einen und duftet nach Tannen und Wachskerzen und Lebkuchen. Ich habe das Gef\u00fchl, dass man mit Weihnachten wachsen muss. Mir ist, als ob dann Barrikaden fallen, die man m\u00fchsam und kleinlich gegen so vieles und viele aufgebaut hat, als ob man weiter w\u00fcrde, und&#8230;<\/p>\n","protected":false},"author":2,"featured_media":2347,"comment_status":"closed","ping_status":"closed","sticky":false,"template":"","format":"standard","meta":{"_acf_changed":false,"footnotes":""},"categories":[1],"tags":[],"acf":[],"_links":{"self":[{"href":"https:\/\/www.vinzenzgemeinschaft.it\/de\/wp-json\/wp\/v2\/posts\/2345"}],"collection":[{"href":"https:\/\/www.vinzenzgemeinschaft.it\/de\/wp-json\/wp\/v2\/posts"}],"about":[{"href":"https:\/\/www.vinzenzgemeinschaft.it\/de\/wp-json\/wp\/v2\/types\/post"}],"author":[{"embeddable":true,"href":"https:\/\/www.vinzenzgemeinschaft.it\/de\/wp-json\/wp\/v2\/users\/2"}],"replies":[{"embeddable":true,"href":"https:\/\/www.vinzenzgemeinschaft.it\/de\/wp-json\/wp\/v2\/comments?post=2345"}],"version-history":[{"count":13,"href":"https:\/\/www.vinzenzgemeinschaft.it\/de\/wp-json\/wp\/v2\/posts\/2345\/revisions"}],"predecessor-version":[{"id":2364,"href":"https:\/\/www.vinzenzgemeinschaft.it\/de\/wp-json\/wp\/v2\/posts\/2345\/revisions\/2364"}],"wp:featuredmedia":[{"embeddable":true,"href":"https:\/\/www.vinzenzgemeinschaft.it\/de\/wp-json\/wp\/v2\/media\/2347"}],"wp:attachment":[{"href":"https:\/\/www.vinzenzgemeinschaft.it\/de\/wp-json\/wp\/v2\/media?parent=2345"}],"wp:term":[{"taxonomy":"category","embeddable":true,"href":"https:\/\/www.vinzenzgemeinschaft.it\/de\/wp-json\/wp\/v2\/categories?post=2345"},{"taxonomy":"post_tag","embeddable":true,"href":"https:\/\/www.vinzenzgemeinschaft.it\/de\/wp-json\/wp\/v2\/tags?post=2345"}],"curies":[{"name":"wp","href":"https:\/\/api.w.org\/{rel}","templated":true}]}}