{"id":2163,"date":"2021-06-14T09:57:31","date_gmt":"2021-06-14T07:57:31","guid":{"rendered":"https:\/\/www.vinzenzgemeinschaft.it\/?p=2163"},"modified":"2024-01-12T08:07:58","modified_gmt":"2024-01-12T07:07:58","slug":"neuwahlen-bei-der-vinzenzgemeinschaft","status":"publish","type":"post","link":"https:\/\/www.vinzenzgemeinschaft.it\/de\/neuwahlen-bei-der-vinzenzgemeinschaft\/","title":{"rendered":"Neuwahlen bei der Vinzenzgemeinschaft"},"content":{"rendered":"<p><strong>Josef Haspinger bleibt,<br \/>\nSonja Platzer kommt,<br \/>\n52 S\u00fcdtiroler Vinzenzkonferenzen und neun Helfergruppen haben bei der\u00a0 Vollversammlung im Kolpinghaus in Bozen am Samstag, 12. Juni, \u00a0Josef Haspinger erneut zu ihrem neuen Zentralratspr\u00e4sidenten gew\u00e4hlt. Als Vizepr\u00e4sidentin neu zur Seite steht ihm Sonja Platzer aus Latsch.<\/strong><\/p>\n<p><strong>Neue Vizevorsitzende, solide Bilanz, steigende Spenden, enormer freiwilliger Einsatz: Damit kann die Vollversammlung der S\u00fcdtiroler Vinzenzgemeinschaft am Samstag, 12. Juni zusammengefasst werden. Die Pandemie hat auch die T\u00e4tigkeit der Vinzenzgemeinschaft in den vergangenen 16 Monaten enorm ver\u00e4ndert. Solidarit\u00e4t und Unterst\u00fctzungswillen sind gewachsen, die Not im ganzen Land nimmt zu. \u00a0Josef Haspinger wurde als Zentralratspr\u00e4sident best\u00e4tigt, Greti Demetz aus Bozen schied nach zwei Legislaturperioden aus. Ihr folgt Sonja Platzer aus Latsch. Die Spenden an die S\u00fcdtiroler Vinzenzgemeinschaft sind im vergangenen Jahr im Vergleich zu 2020 \u00a0leicht gestiegen, 9,40 von 10 Euro kommen direkt bei den hilfsbed\u00fcrftigen Menschen an. Darauf verwies der wiedergew\u00e4hlte Pr\u00e4sident Josef Haspinger. Er betonte, dass die Hilfsbereitschaft der 582 S\u00fcdtiroler Vinzenzschwestern und -br\u00fcder konstant sei. Mehr als 30.000 Stunden lang haben sie sich 2020 ehrenamtlich f\u00fcr Menschen in schwierigen Situationen engagiert, haben der Einsamkeit am Telefon entgegengewirkt, Lebensmittel und Gutscheine verteilt, Stromrechnungen bezahlt und Kosten f\u00fcr Heizmaterial oder Mietr\u00fcckst\u00e4nde usw. \u00a0\u00fcbernommen.<\/strong><\/p>\n<p>H\u00e4ufig unsichtbar, aber unverzichtbar sind die 582 Helferinnen und Helfer der S\u00fcdtiroler Vinzenzgemeinschaft im ganzen Land: Tagaus, tagein stehen sie Menschen in Not zur Seite \u2013 freiwillig und in 52 Vinzenzkonferenzen und neun Helfergruppen organisiert. Sie werden jeweils von einem oder einer Vorsitzenden koordiniert, sind in sechs Bezirken zusammengefasst und werden von einem Zentralrat geleitet. Bei der heute Vormittag stattgefundenen Vollversammlung im Kolpinghaus in Bozen mit 120 TeilnehmerInnen haben die VertreterInnen der Konferenzen und Bezirke den Josef Haspinger erneut zum Zentralratsvorsitzenden gew\u00e4hlt. Greti Demetz aus Bozen konnte nicht mehr kandidieren. Ihr dankte der Pr\u00e4sident f\u00fcr das sechsj\u00e4hrige Engagement als Vizevorsitzende bei der S\u00fcdtiroler Vinzenzgemeinschaft. Beim Vorsitz kam es zur Stichwahl zwischen Josef Haspinger und Georg Oberrauch und beim Stellvertretenden-Vorsitz standen Sonja Platzer aus Latsch und Paul Tschigg aus Jenesien zur Wahl. Der 71-j\u00e4hrige Josef Haspinger und die 49-j\u00e4hrige Sonja Platzer werden die Vinzenzgemeinschaft in den n\u00e4chsten drei Jahren leiten und dabei die neu entstandenen N\u00f6te der Corona-Pandemie besonders im Blick behalten.<\/p>\n<p>Josef Haspinger verwies bei seinem Jahresr\u00fcckblick darauf, dass die Lockdowns wichtige Hilfestellungen und Besuche der Mitglieder der Vinzenzgemeinschaft verhindert gemacht haben. \u201eTelefonie und Videokonferenzen k\u00f6nnen menschliche W\u00e4rme nicht ersetzen.\u201c Zudem h\u00e4tten besonders \u00e4ltere Menschen h\u00e4ufig keinen Zugang zu den digitalen Medien, betont er. Diese Krise habe viele Menschen finanziell und seelisch an ihre Grenzen gebracht, Lebensentw\u00fcrfe seien zerbrochen. \u201eDie Hilfe unserer Freiwilligen wurde auf eine harte Probe gestellt\u201c, betont Haspinger und bedankte sich f\u00fcr den Einsatz der mehr als 582 Mitglieder. \u201eEs ist jetzt wichtiger denn je, dass wir vor Ort und unter den Leuten sind, damit wir Menschen in Not aufsp\u00fcren k\u00f6nnen\u201c, rief er die Mitglieder auf. Denn Armut besch\u00e4me und mache krank. Der Zentralratspr\u00e4sident freut sich, dass die Vinzenzgemeinschaft im ganzen Land verankert ist. Die T\u00e4tigkeit der Mitglieder verlaufe diskret und sei gepr\u00e4gt von menschlicher N\u00e4he und Zugewandtheit. Die Unterst\u00fctzungsanfragen haben im vergangenen Jahr 2020 \u00fcberall zugenommen. Trotz der Lockdowns haben alle\u00a0 Vinzenzkonferenzen und Helfergruppen ihre T\u00e4tigkeiten und\u00a0ihre Dienste an Menschen in Not im Rahmen der Corona-M\u00f6glichkeiten weitergef\u00fchrt, wie beispielsweise das \u201eBrot am Morgen\u201c am Bozner Kapuzinerkloster, der VinziBus f\u00fcr obdachlose Menschen oder die Tafeln f\u00fcr bed\u00fcrftige Menschen. Weitere Tafeln sollen in den n\u00e4chsten Monaten entstehen.<\/p>\n<p>Als Ehreng\u00e4ste zur Vollversammlung kamen die Pr\u00e4sidentin des Zentralrats Tirol, <strong>Dr. <\/strong><strong>Karoline Knitel,<\/strong> und der Guardian des Kapuzinerklosters Bozen, Bruder <strong>Albert Piok<\/strong>.<\/p>\n<p>####<\/p>\n<p><strong><u>Zur neugew\u00e4hlten Vizepr\u00e4sidentin der S\u00fcdtiroler Vinzenzgemeinschaft: <\/u><\/strong><\/p>\n<p><strong>Sonja Platzer<\/strong><\/p>\n<ul>\n<li>1971 in Meran geboren, lebt in Latsch. Als Vizeb\u00fcrgermeistern hat sie in Latsch im Juni 2019 nach langer Aufbauarbeit eine Tafel f\u00fcr bed\u00fcrftige Menschen er\u00f6ffnet. Die Gemeinde Latsch stellt die R\u00e4umlichkeiten langfristig kostenlos zur Verf\u00fcgung. Die Einrichtung haben Betriebe gespendet. Die Tafel wird von Betrieben und vom &#8222;Banco Alimentare&#8220; unterst\u00fctzt. Derzeit holen jeden Dienstag zwischen jeweils rund 30 Menschen Nahrungsmittel ab: <strong>&#8222;Nicht wegwerfen, sondern<\/strong> <strong>weitergeben&#8220;<\/strong> ist ihre Devise.<\/li>\n<li>Sonja Platzer wurde am Samstag, 12. Juni 2021, zur neuen Zentralrats-Vizepr\u00e4sidentin der S\u00fcdtiroler Vinzenzgemeinschaft gew\u00e4hlt und folgt Greti Viehweider Demetz aus Bozen nach.<\/li>\n<\/ul>\n","protected":false},"excerpt":{"rendered":"<p>Josef Haspinger bleibt, Sonja Platzer kommt, 52 S\u00fcdtiroler Vinzenzkonferenzen und neun Helfergruppen haben bei der\u00a0 Vollversammlung im Kolpinghaus in Bozen am Samstag, 12. Juni, \u00a0Josef Haspinger erneut zu ihrem neuen Zentralratspr\u00e4sidenten gew\u00e4hlt. Als Vizepr\u00e4sidentin neu zur Seite steht ihm Sonja Platzer aus Latsch. Neue Vizevorsitzende, solide Bilanz, steigende Spenden, enormer freiwilliger Einsatz: Damit kann die&#8230;<\/p>\n","protected":false},"author":2,"featured_media":2166,"comment_status":"closed","ping_status":"closed","sticky":false,"template":"","format":"standard","meta":{"_acf_changed":false,"footnotes":""},"categories":[1],"tags":[],"acf":[],"_links":{"self":[{"href":"https:\/\/www.vinzenzgemeinschaft.it\/de\/wp-json\/wp\/v2\/posts\/2163"}],"collection":[{"href":"https:\/\/www.vinzenzgemeinschaft.it\/de\/wp-json\/wp\/v2\/posts"}],"about":[{"href":"https:\/\/www.vinzenzgemeinschaft.it\/de\/wp-json\/wp\/v2\/types\/post"}],"author":[{"embeddable":true,"href":"https:\/\/www.vinzenzgemeinschaft.it\/de\/wp-json\/wp\/v2\/users\/2"}],"replies":[{"embeddable":true,"href":"https:\/\/www.vinzenzgemeinschaft.it\/de\/wp-json\/wp\/v2\/comments?post=2163"}],"version-history":[{"count":26,"href":"https:\/\/www.vinzenzgemeinschaft.it\/de\/wp-json\/wp\/v2\/posts\/2163\/revisions"}],"predecessor-version":[{"id":2192,"href":"https:\/\/www.vinzenzgemeinschaft.it\/de\/wp-json\/wp\/v2\/posts\/2163\/revisions\/2192"}],"wp:featuredmedia":[{"embeddable":true,"href":"https:\/\/www.vinzenzgemeinschaft.it\/de\/wp-json\/wp\/v2\/media\/2166"}],"wp:attachment":[{"href":"https:\/\/www.vinzenzgemeinschaft.it\/de\/wp-json\/wp\/v2\/media?parent=2163"}],"wp:term":[{"taxonomy":"category","embeddable":true,"href":"https:\/\/www.vinzenzgemeinschaft.it\/de\/wp-json\/wp\/v2\/categories?post=2163"},{"taxonomy":"post_tag","embeddable":true,"href":"https:\/\/www.vinzenzgemeinschaft.it\/de\/wp-json\/wp\/v2\/tags?post=2163"}],"curies":[{"name":"wp","href":"https:\/\/api.w.org\/{rel}","templated":true}]}}