{"id":215,"date":"2016-06-17T10:19:29","date_gmt":"2016-06-17T08:19:29","guid":{"rendered":"https:\/\/www.vinzenzgemeinschaft.it\/?p=215"},"modified":"2024-01-12T08:08:03","modified_gmt":"2024-01-12T07:08:03","slug":"neues-fuersorge-und-beratungszentrum-in-bozen","status":"publish","type":"post","link":"https:\/\/www.vinzenzgemeinschaft.it\/de\/neues-fuersorge-und-beratungszentrum-in-bozen\/","title":{"rendered":"Neues F\u00fcrsorge- und Beratungszentrum in Bozen"},"content":{"rendered":"<p><strong>Bozen.<\/strong> Als zentrale Stelle f\u00fcr den Erstkontakt mit Menschen in Not konnte die Vinzenzgemeinschaft am 16. Juni in Bozen ein neues F\u00fcrsorge- und Beratungszentrum einrichten. Im Komplex des Kapuzinerklosters stehen k\u00fcnftig vier kleine B\u00fcros mit Telefonanschluss, ein Sitzungs- und ein Warteraum zur Verf\u00fcgung.<\/p>\n<p>Mehr als 40 Jahre lang hatte die Vinzenzkonferenz \u201eUnsere Liebe Frau vom Moos\u201c ihre Dienste in R\u00e4umen angeboten, die von der Dompfarrei kostenlos zur Verf\u00fcgung gestellt wurden. Wie Bezirkspr\u00e4sident Andreas Weihrauch Dipauli erkl\u00e4rt, stieg die Zahl der Hilfesuchenden in den vergangenen Jahren deutlich an, was auch zu Platzproblemen f\u00fchrte; zudem signalisierte die Dompfarrei, dass sie die R\u00e4ume f\u00fcr die eigene T\u00e4tigkeit ben\u00f6tige.<br \/>\nDie Vinzenzgemeinschaft machte sich auf die Suche \u2013 und wurde im nahen Kapuzinerkloster f\u00fcndig. Dort ist bereits jetzt das zentrale B\u00fcro und der Sitzungssaal der Vinzenzgemeinschaft untergebracht. Im historischen Komplex des Klosters boten die Patres weitere R\u00e4ume an, die bisher einer italienischsprachigen Vereinigung von Zivilinvaliden als B\u00fcro gedient hatten.<\/p>\n<p>Schon bald stellte sich heraus, dass vor dem Einzug eine Renovierung und Anpassung der Lokale dringend n\u00f6tig war. Unter anderem mussten feuchte Mauern trockengelegt und Zwischenw\u00e4nde eingezogen werden, um aus dem gro\u00dfen Raum unter einem historischen Gew\u00f6lbe kleine Einheiten entstehen konnten.<br \/>\nBei diesem Projekt fand die Vinzenzgemeinschaft sofort eine Schar von jungen Helfern. Direktor Peter Prieth von der Landesberufsschule f\u00fcr Industrie und Handwerk in Bozen leitete ein Schulprojekt in die Wege, schon nach kurzer Zeit r\u00fcckten rund 25 Sch\u00fcler an, die gemeinsam mit ihren Fachlehrern Konrad Lageder, Florian Mayr und Alexander Gruber die notwendigen Maler- und Tischlerarbeiten durchf\u00fchrten. Seit Februar 2016 leisteten Sch\u00fcler und Lehrer mehr als 500 Arbeitsstunden. Das Unternehmen &#8222;Dr. Sch\u00e4r&#8220; stellte Teile der B\u00fcroeinrichtung zur Verf\u00fcgung.<\/p>\n<p>Noch im Juni wird das neue F\u00fcrsorge- und Beratungszentrum seine T\u00e4tigkeit aufnehmen.<\/p>\n","protected":false},"excerpt":{"rendered":"<p>Bozen. Als zentrale Stelle f\u00fcr den Erstkontakt mit Menschen in Not konnte die Vinzenzgemeinschaft am 16. Juni in Bozen ein neues F\u00fcrsorge- und Beratungszentrum einrichten. Im Komplex des Kapuzinerklosters stehen k\u00fcnftig vier kleine B\u00fcros mit Telefonanschluss, ein Sitzungs- und ein Warteraum zur Verf\u00fcgung. Mehr als 40 Jahre lang hatte die Vinzenzkonferenz \u201eUnsere Liebe Frau vom&#8230;<\/p>\n","protected":false},"author":1,"featured_media":730,"comment_status":"closed","ping_status":"closed","sticky":false,"template":"","format":"standard","meta":{"_acf_changed":false,"footnotes":""},"categories":[1],"tags":[],"acf":[],"_links":{"self":[{"href":"https:\/\/www.vinzenzgemeinschaft.it\/de\/wp-json\/wp\/v2\/posts\/215"}],"collection":[{"href":"https:\/\/www.vinzenzgemeinschaft.it\/de\/wp-json\/wp\/v2\/posts"}],"about":[{"href":"https:\/\/www.vinzenzgemeinschaft.it\/de\/wp-json\/wp\/v2\/types\/post"}],"author":[{"embeddable":true,"href":"https:\/\/www.vinzenzgemeinschaft.it\/de\/wp-json\/wp\/v2\/users\/1"}],"replies":[{"embeddable":true,"href":"https:\/\/www.vinzenzgemeinschaft.it\/de\/wp-json\/wp\/v2\/comments?post=215"}],"version-history":[{"count":3,"href":"https:\/\/www.vinzenzgemeinschaft.it\/de\/wp-json\/wp\/v2\/posts\/215\/revisions"}],"predecessor-version":[{"id":733,"href":"https:\/\/www.vinzenzgemeinschaft.it\/de\/wp-json\/wp\/v2\/posts\/215\/revisions\/733"}],"wp:featuredmedia":[{"embeddable":true,"href":"https:\/\/www.vinzenzgemeinschaft.it\/de\/wp-json\/wp\/v2\/media\/730"}],"wp:attachment":[{"href":"https:\/\/www.vinzenzgemeinschaft.it\/de\/wp-json\/wp\/v2\/media?parent=215"}],"wp:term":[{"taxonomy":"category","embeddable":true,"href":"https:\/\/www.vinzenzgemeinschaft.it\/de\/wp-json\/wp\/v2\/categories?post=215"},{"taxonomy":"post_tag","embeddable":true,"href":"https:\/\/www.vinzenzgemeinschaft.it\/de\/wp-json\/wp\/v2\/tags?post=215"}],"curies":[{"name":"wp","href":"https:\/\/api.w.org\/{rel}","templated":true}]}}