{"id":213,"date":"2016-05-03T10:18:59","date_gmt":"2016-05-03T08:18:59","guid":{"rendered":"https:\/\/www.vinzenzgemeinschaft.it\/?p=213"},"modified":"2024-01-12T08:08:04","modified_gmt":"2024-01-12T07:08:04","slug":"vollversammlung-der-vinzenzgemeinschaft","status":"publish","type":"post","link":"https:\/\/www.vinzenzgemeinschaft.it\/de\/vollversammlung-der-vinzenzgemeinschaft\/","title":{"rendered":"Vollversammlung der Vinzenzgemeinschaft"},"content":{"rendered":"<p><strong>Bozen.<\/strong> Rund 3800 Hilfsbed\u00fcrftige und mehr als 1000 Familien unterst\u00fctzten die Vinzenzkonferenzen S\u00fcdtirols im Jahr 2015. Das geht aus dem T\u00e4tigkeitsbericht hervor, den der Zentralratsvorsitzende Siegfried Holzer bei der Vollversammlung der Vinzenzgemeinschaft am 23. April in Bozen vorstellte. Zu Beginn des Tages feierten die rund 90 Vertreterinnen und Vertreter aus dem ganzen Land im Dom von Bozen die hl. Messe, Hauptzelebrant war der Geistliche Assistent Bernhard Holzer. Anschlie\u00dfend durchschritt die Gruppe gemeinsam die Heilige Pforte an der Bischofskirche.<br \/>\nBei der anschlie\u00dfenden Vollversammlung im Pastoralzentrum verlas Zentralratspr\u00e4sident Holzer den T\u00e4tigkeitsbericht. Neben der Unterst\u00fctzung von vielen hilfsbed\u00fcrftigen, alten und einsamen Menschen im Land engagierten sich die Ehrenamtlichen auch in der Fl\u00fcchtlingshilfe. Mehrfach hob Holzer die gro\u00dfe Spendenbereitschaft der Bev\u00f6lkerung hervor. Im Vorjahr wurden der Vinzenzgemeinschaft 1,3 Millionen Euro anvertraut. Wie die Rechnungsrevisoren im Bericht an die Versammlung feststellten, wurden nur 6 Prozent dieser Gelder f\u00fcr die Verwaltung ausgegeben, die Spendengelder kommen also fast zur G\u00e4nze den Hilfsbed\u00fcrftigen zu.<br \/>\nIn S\u00fcdtirol gibt es derzeit 52 Vinzenzkonferenzen mit etwa 500 ehrenamtlich t\u00e4tigen Frauen und M\u00e4nnern. Sie organisieren u.a. regelm\u00e4\u00dfige Besuchsdienste in Altenheimen und Krankenh\u00e4usern, unterst\u00fctzen Familien und Alleinstehende, sie betreiben Kleiderkammern, Lebensmitteltafeln; zur T\u00e4tigkeit geh\u00f6rt auch die Gefangenenhilfe in Bozen und die Lebensmitteltafel an Obdachlose \u00fcber den Vinzibus. \u00dcber eine Sozialgenossenschaft f\u00fchrt die Gemeinschaft auch ein Altersheim in Bozen und Schloss Moos bei Sterzing.<\/p>\n","protected":false},"excerpt":{"rendered":"<p>Bozen. Rund 3800 Hilfsbed\u00fcrftige und mehr als 1000 Familien unterst\u00fctzten die Vinzenzkonferenzen S\u00fcdtirols im Jahr 2015. Das geht aus dem T\u00e4tigkeitsbericht hervor, den der Zentralratsvorsitzende Siegfried Holzer bei der Vollversammlung der Vinzenzgemeinschaft am 23. April in Bozen vorstellte. Zu Beginn des Tages feierten die rund 90 Vertreterinnen und Vertreter aus dem ganzen Land im Dom&#8230;<\/p>\n","protected":false},"author":1,"featured_media":725,"comment_status":"closed","ping_status":"closed","sticky":false,"template":"","format":"standard","meta":{"_acf_changed":false,"footnotes":""},"categories":[1],"tags":[],"acf":[],"_links":{"self":[{"href":"https:\/\/www.vinzenzgemeinschaft.it\/de\/wp-json\/wp\/v2\/posts\/213"}],"collection":[{"href":"https:\/\/www.vinzenzgemeinschaft.it\/de\/wp-json\/wp\/v2\/posts"}],"about":[{"href":"https:\/\/www.vinzenzgemeinschaft.it\/de\/wp-json\/wp\/v2\/types\/post"}],"author":[{"embeddable":true,"href":"https:\/\/www.vinzenzgemeinschaft.it\/de\/wp-json\/wp\/v2\/users\/1"}],"replies":[{"embeddable":true,"href":"https:\/\/www.vinzenzgemeinschaft.it\/de\/wp-json\/wp\/v2\/comments?post=213"}],"version-history":[{"count":3,"href":"https:\/\/www.vinzenzgemeinschaft.it\/de\/wp-json\/wp\/v2\/posts\/213\/revisions"}],"predecessor-version":[{"id":728,"href":"https:\/\/www.vinzenzgemeinschaft.it\/de\/wp-json\/wp\/v2\/posts\/213\/revisions\/728"}],"wp:featuredmedia":[{"embeddable":true,"href":"https:\/\/www.vinzenzgemeinschaft.it\/de\/wp-json\/wp\/v2\/media\/725"}],"wp:attachment":[{"href":"https:\/\/www.vinzenzgemeinschaft.it\/de\/wp-json\/wp\/v2\/media?parent=213"}],"wp:term":[{"taxonomy":"category","embeddable":true,"href":"https:\/\/www.vinzenzgemeinschaft.it\/de\/wp-json\/wp\/v2\/categories?post=213"},{"taxonomy":"post_tag","embeddable":true,"href":"https:\/\/www.vinzenzgemeinschaft.it\/de\/wp-json\/wp\/v2\/tags?post=213"}],"curies":[{"name":"wp","href":"https:\/\/api.w.org\/{rel}","templated":true}]}}