{"id":211,"date":"2016-02-14T10:18:32","date_gmt":"2016-02-14T09:18:32","guid":{"rendered":"https:\/\/www.vinzenzgemeinschaft.it\/?p=211"},"modified":"2024-01-12T08:08:04","modified_gmt":"2024-01-12T07:08:04","slug":"infos-helfen-beim-helfen","status":"publish","type":"post","link":"https:\/\/www.vinzenzgemeinschaft.it\/de\/infos-helfen-beim-helfen\/","title":{"rendered":"Infos helfen beim Helfen"},"content":{"rendered":"<article class=\"node-104 node node-aktuelles view-mode-full clearfix\">\n<div class=\"field field-name-body field-type-text-with-summary field-label-hidden\">\n<div class=\"field-items\">\n<div class=\"field-item even\">\n<p><strong>Bozen.<\/strong> Ein gutes Herz haben und Geld geben,\u00a0 das\u00a0reicht oft nicht aus, um einem Menschen langfristig aus der Not zu helfen. Dazu sind auch Wissen um Gesetze, gute Gespr\u00e4che und die richtige innere Einstellung notwendig.\u00a0 \u201eUnsere Mitarbeiter m\u00fcssen in diesen F\u00e4llen auch Bescheid wissen, welche Hilfen zum Beispiel die \u00f6ffentliche Hand bereits gibt. Und wir m\u00fcssen die Angebote mit den zust\u00e4ndigen Stellen absprechen\u201c, erkl\u00e4rt Siegfried Holzer, seit bald einem Jahr Zentralratspr\u00e4sident der Vinzenzgemeinschaft. Auch \u201egute Kommunikation\u201c mit den Menschen werde immer wichtiger.<\/p>\n<p>Beides \u2013 das Wissen um die Hilfsangebote des Landes und die Gesetze guter Gespr\u00e4chsf\u00fchrung \u2013 erhielten Vinzenzbr\u00fcder und -schwestern aus dem ganzen Land am 23. J\u00e4nner\u00a0bei einer Tagung in Bozen.\u00a0Zuerst aber kam das Wichtigste, die \u201eKernkompetenz\u201c zur Sprache, wie der Geistliche Beirat Bernhard Holzer im Er\u00f6ffnungsreferat betonte. \u201eUnser Helfen muss eine Seele haben\u201c, unterstrich der Bozner Dekan und verwies auf ein Wort des Dichters Eugen Roth, der dazu auffordert, \u201edas \u00c4u\u00dferste, aber auch das Innerste zu tun.\u201c Die Vinzenzgemeinschaft sei kein Dienstleistungsunternehmen, kein reiner Wohlt\u00e4tigkeitsverein, sondern ihre Hilfe komme aus einer Mitte. \u201eNur wenn wir auch Gott geben, dann geben wir genug\u201c, formulierte Holzer.<\/p>\n<p>Wie Helfende im Gespr\u00e4ch den Hilfe\u00a0Suchenden n\u00e4her kommen,\u00a0 aber\u00a0 zu ihnen gleichzeitig die notwendige sachliche Distanz wahren k\u00f6nnen, das erl\u00e4uterte Helmut Wahlm\u00fcller,\u00a0 Meraner Unternehmer und Mediator in einem Referat \u00fcber Kommunikation. Humorvoll und praxisnah ermutigte Wahlm\u00fcller die Zuh\u00f6rer, nicht darauf zu vertrauen, dass etwas Gesagtes auch tats\u00e4chlich so beim Gegen\u00fcber ankomme; um Missverst\u00e4ndnisse zu vermeiden, m\u00fcsse\u00a0 ein Feedback eingeholt werden. Wahlm\u00fcller verdeutlichte die enorme Bedeutung der nonverbalen Kommunikation (K\u00f6rperhaltung, Gesten, Mimik) f\u00fcr ein Gespr\u00e4ch.<\/p>\n<p>\u00dcber die vielen Hilfsangebote der \u00f6ffentlichen Hand \u2013 von Staat \u00fcber Region bis zum Land \u2013 informierte schlie\u00dflich Michaela Grasberger vom Sozialsprengel Unterland in Neumarkt. Grasberger betonte, dass bestimmte Notf\u00e4lle nicht aufgefangen werden k\u00f6nnten und hier Vereinigungen wie Caritas und Vinzenzgemeinschaft eine wichtige Rolle einn\u00e4hmen. Wie Zentralratspr\u00e4sident Holzer betonte, soll die gut funktionierende Zusammenarbeit mit den Sozialsprengeln ausgebaut werden.<\/p>\n<\/div>\n<\/div>\n<\/div>\n<\/article>\n","protected":false},"excerpt":{"rendered":"<p>Bozen. Ein gutes Herz haben und Geld geben,\u00a0 das\u00a0reicht oft nicht aus, um einem Menschen langfristig aus der Not zu helfen. Dazu sind auch Wissen um Gesetze, gute Gespr\u00e4che und die richtige innere Einstellung notwendig.\u00a0 \u201eUnsere Mitarbeiter m\u00fcssen in diesen F\u00e4llen auch Bescheid wissen, welche Hilfen zum Beispiel die \u00f6ffentliche Hand bereits gibt. Und wir&#8230;<\/p>\n","protected":false},"author":1,"featured_media":722,"comment_status":"closed","ping_status":"closed","sticky":false,"template":"","format":"standard","meta":{"_acf_changed":false,"footnotes":""},"categories":[1],"tags":[],"acf":[],"_links":{"self":[{"href":"https:\/\/www.vinzenzgemeinschaft.it\/de\/wp-json\/wp\/v2\/posts\/211"}],"collection":[{"href":"https:\/\/www.vinzenzgemeinschaft.it\/de\/wp-json\/wp\/v2\/posts"}],"about":[{"href":"https:\/\/www.vinzenzgemeinschaft.it\/de\/wp-json\/wp\/v2\/types\/post"}],"author":[{"embeddable":true,"href":"https:\/\/www.vinzenzgemeinschaft.it\/de\/wp-json\/wp\/v2\/users\/1"}],"replies":[{"embeddable":true,"href":"https:\/\/www.vinzenzgemeinschaft.it\/de\/wp-json\/wp\/v2\/comments?post=211"}],"version-history":[{"count":3,"href":"https:\/\/www.vinzenzgemeinschaft.it\/de\/wp-json\/wp\/v2\/posts\/211\/revisions"}],"predecessor-version":[{"id":729,"href":"https:\/\/www.vinzenzgemeinschaft.it\/de\/wp-json\/wp\/v2\/posts\/211\/revisions\/729"}],"wp:featuredmedia":[{"embeddable":true,"href":"https:\/\/www.vinzenzgemeinschaft.it\/de\/wp-json\/wp\/v2\/media\/722"}],"wp:attachment":[{"href":"https:\/\/www.vinzenzgemeinschaft.it\/de\/wp-json\/wp\/v2\/media?parent=211"}],"wp:term":[{"taxonomy":"category","embeddable":true,"href":"https:\/\/www.vinzenzgemeinschaft.it\/de\/wp-json\/wp\/v2\/categories?post=211"},{"taxonomy":"post_tag","embeddable":true,"href":"https:\/\/www.vinzenzgemeinschaft.it\/de\/wp-json\/wp\/v2\/tags?post=211"}],"curies":[{"name":"wp","href":"https:\/\/api.w.org\/{rel}","templated":true}]}}