{"id":1929,"date":"2020-12-30T14:53:59","date_gmt":"2020-12-30T13:53:59","guid":{"rendered":"https:\/\/www.vinzenzgemeinschaft.it\/?p=1929"},"modified":"2024-01-12T08:07:59","modified_gmt":"2024-01-12T07:07:59","slug":"christmas-edition-in-zusammenarbeit-mit-der-suedtiroler-vinzenzgemeinschaft","status":"publish","type":"post","link":"https:\/\/www.vinzenzgemeinschaft.it\/de\/christmas-edition-in-zusammenarbeit-mit-der-suedtiroler-vinzenzgemeinschaft\/","title":{"rendered":"Christmas Edition in Zusammenarbeit mit der S\u00fcdtiroler Vinzenzgemeinschaft <br>"},"content":{"rendered":"<p>Sehr geehrte Damen und Herren,<\/p>\n<p>in dieser besonderen Weihnachtszeit freuen wir uns, Ihnen ein spannendes Projekt vorzustellen:<br \/>\nunter dem Motto &#8222;<strong><em>Kunst Kaufen und Gutes Tun&#8220; <\/em><\/strong>findet bis zum <strong>31. J\u00e4nner 2021 <\/strong>eine besondere Aktion\u00a0 statt.<\/p>\n<p>Es ist eine Zusammenarbeit der <strong>S\u00fcdtiroler Vinzenzgemeinschaft <\/strong>mit den K\u00fcnstlerinnen<br \/>\n<strong>Elisa Grezzani, Petra Polli <\/strong>und <strong>Paula Regina Prugger<\/strong>.<\/p>\n<p><a href=\"https:\/\/www.vinzenzgemeinschaft.it\/wp-content\/uploads\/2020\/12\/3-kuenstlerinnen.html\">3 K\u00fcnstlerinnen<\/a><strong> Webversion bitte anklicken<\/strong><\/p>\n<p><img loading=\"lazy\" decoding=\"async\" class=\"alignleft wp-image-1943\" src=\"https:\/\/www.vinzenzgemeinschaft.it\/wp-content\/uploads\/2021\/01\/www.png\" alt=\"\" width=\"110\" height=\"146\" \/><\/p>\n<p>Elisa Gezzani \u00a0Tel. 333 6148060\u00a0\u00a0 <strong>www.elisagrezzani.com<\/strong><\/p>\n<p style=\"text-align: left;\"><img loading=\"lazy\" decoding=\"async\" class=\"wp-image-1941 alignnone\" src=\"https:\/\/www.vinzenzgemeinschaft.it\/wp-content\/uploads\/2021\/01\/2www.png\" alt=\"\" width=\"110\" height=\"146\" \/>Petra Polli\u00a0\u00a0\u00a0 Tel. 345 7948074\u00a0\u00a0\u00a0\u00a0<strong> www.petrapolli.com<\/strong><\/p>\n<p><img loading=\"lazy\" decoding=\"async\" class=\"wp-image-1939 alignleft\" src=\"https:\/\/www.vinzenzgemeinschaft.it\/wp-content\/uploads\/2021\/01\/3-www.png\" alt=\"\" width=\"137\" height=\"135\" \/><\/p>\n<p>Paula Regina\u00a0 \u00a0Prugger\u00a0 Tel. 347\/2998776\u00a0 \u00a0 <strong>www.paulareginaprugger.com<\/strong><\/p>\n<p>Mit dieser Aktion gibt es die M\u00f6glichkeit, mit einem Kunstwerk ein pers\u00f6nliches und zeitloses Geschenk zu machen und gleichzeitig Menschen in schwierigen Lebenssituationen zu helfen. Nutzen Sie die Chance mittels einer Spende an die S\u00fcdtiroler Vinzenzgemeinschaft, Gutes zu tun. Damit k\u00f6nnen Sie ein Kunstwerk zu einem g\u00fcnstigeren Preis erwerben. Angeboten werden Werke zwischen 180 und 960 Euro. Je nach H\u00f6he der Spende verringert sich der Kaufpreis bis zu 30 %. Die Spende kann steuerlich geltend gemacht werden.<\/p>\n<p><strong>Wie funktioniert die Christmas Edition?<\/strong><\/p>\n<ul>\n<li>Besichtigung der Werke online, sowie nach telefonischer Vereinbarung in den Ateliers der K\u00fcnstlerinnen<\/li>\n<li>Spende an S\u00fcdtiroler Vinzenzgemeinschaft, IBAN: IT 52 I 03493 11600\u00a0\u00a0000300220230\u00a0 BIC: RZSBIT2B<\/li>\n<li><span style=\"color: #800000;\">Je nach H\u00f6he der Spende verringert sich der Kaufpreis bis zu 30 %\u00a0 nach Vorlage des Zahlungsbelegs<\/span>.<\/li>\n<\/ul>\n<p>Die Spende kann steuerlich geltend gemacht werden.<\/p>\n<p><strong>Die Christmas Edition l\u00e4uft vom 15.12.2020\u00a0 bis\u00a0\u00a031.12.2020.\u00a0\u00a0\u00a0\u00a0\u00a0\u00a0\u00a0\u00a0\u00a0\u00a0\u00a0\u00a0\u00a0\u00a0\u00a0\u00a0\u00a0\u00a0\u00a0\u00a0\u00a0\u00a0\u00a0\u00a0\u00a0\u00a0\u00a0\u00a0\u00a0\u00a0\u00a0\u00a0\u00a0\u00a0\u00a0\u00a0\u00a0\u00a0\u00a0\u00a0\u00a0\u00a0\u00a0\u00a0\u00a0\u00a0\u00a0\u00a0\u00a0\u00a0\u00a0\u00a0\u00a0\u00a0\u00a0\u00a0\u00a0\u00a0\u00a0\u00a0\u00a0\u00a0\u00a0\u00a0<\/strong><\/p>\n<p>Auf den Webseiten (Link siehe oben)\u00a0\u00a0finden Sie eine Auswahl unserer Kunstwerke und genauere Informationen.\u00a0 Wir freuen uns, Ihr Interesse geweckt zu haben und w\u00fcnschen Ihnen eine frohe und erholsame Weihnachtszeit und alles Beste f\u00fcr 2021.<\/p>\n<p>Liebe Gr\u00fc\u00dfe<br \/>\nElisa Grezzani, Petra Polli und Paula Prugger<\/p>\n","protected":false},"excerpt":{"rendered":"<p>Sehr geehrte Damen und Herren, in dieser besonderen Weihnachtszeit freuen wir uns, Ihnen ein spannendes Projekt vorzustellen: unter dem Motto &#8222;Kunst Kaufen und Gutes Tun&#8220; findet bis zum 31. J\u00e4nner 2021 eine besondere Aktion\u00a0 statt. Es ist eine Zusammenarbeit der S\u00fcdtiroler Vinzenzgemeinschaft mit den K\u00fcnstlerinnen Elisa Grezzani, Petra Polli und Paula Regina Prugger. 3 K\u00fcnstlerinnen&#8230;<\/p>\n","protected":false},"author":2,"featured_media":2023,"comment_status":"closed","ping_status":"closed","sticky":false,"template":"","format":"standard","meta":{"_acf_changed":false,"footnotes":""},"categories":[1],"tags":[],"acf":[],"_links":{"self":[{"href":"https:\/\/www.vinzenzgemeinschaft.it\/de\/wp-json\/wp\/v2\/posts\/1929"}],"collection":[{"href":"https:\/\/www.vinzenzgemeinschaft.it\/de\/wp-json\/wp\/v2\/posts"}],"about":[{"href":"https:\/\/www.vinzenzgemeinschaft.it\/de\/wp-json\/wp\/v2\/types\/post"}],"author":[{"embeddable":true,"href":"https:\/\/www.vinzenzgemeinschaft.it\/de\/wp-json\/wp\/v2\/users\/2"}],"replies":[{"embeddable":true,"href":"https:\/\/www.vinzenzgemeinschaft.it\/de\/wp-json\/wp\/v2\/comments?post=1929"}],"version-history":[{"count":48,"href":"https:\/\/www.vinzenzgemeinschaft.it\/de\/wp-json\/wp\/v2\/posts\/1929\/revisions"}],"predecessor-version":[{"id":2029,"href":"https:\/\/www.vinzenzgemeinschaft.it\/de\/wp-json\/wp\/v2\/posts\/1929\/revisions\/2029"}],"wp:featuredmedia":[{"embeddable":true,"href":"https:\/\/www.vinzenzgemeinschaft.it\/de\/wp-json\/wp\/v2\/media\/2023"}],"wp:attachment":[{"href":"https:\/\/www.vinzenzgemeinschaft.it\/de\/wp-json\/wp\/v2\/media?parent=1929"}],"wp:term":[{"taxonomy":"category","embeddable":true,"href":"https:\/\/www.vinzenzgemeinschaft.it\/de\/wp-json\/wp\/v2\/categories?post=1929"},{"taxonomy":"post_tag","embeddable":true,"href":"https:\/\/www.vinzenzgemeinschaft.it\/de\/wp-json\/wp\/v2\/tags?post=1929"}],"curies":[{"name":"wp","href":"https:\/\/api.w.org\/{rel}","templated":true}]}}