{"id":1917,"date":"2020-12-24T12:32:03","date_gmt":"2020-12-24T11:32:03","guid":{"rendered":"https:\/\/www.vinzenzgemeinschaft.it\/?p=1917"},"modified":"2024-01-12T08:07:59","modified_gmt":"2024-01-12T07:07:59","slug":"die-stille-der-weihnachtszeit","status":"publish","type":"post","link":"https:\/\/www.vinzenzgemeinschaft.it\/de\/die-stille-der-weihnachtszeit\/","title":{"rendered":"Die Stille der Weihnachtszeit"},"content":{"rendered":"<p>\u00ad Liebe Mitglieder, liebe G\u00f6nnerinnen und G\u00f6nner der Vinzenzgemeinschaft!<\/p>\n<p>Die Adventszeit in diesem Jahr ist wegen der Covid-19 Pandemie eine besonders stille Zeit. Wir werden an das gro\u00dfe Ereignis erinnert, an die Geburt Christi und sollten uns auch die Zeit f\u00fcr die Besinnung nehmen. Dies d\u00fcrfte uns, gerade in der jetzigen schwierigen Zeit, leichter fallen, um eines der gro\u00dfen Ereignisse der Kirche zu feiern.<\/p>\n<p>Mitglieder der Vinzenzgemeinschaft waren bereits im Fr\u00fchjahr und sind auch jetzt von Covid-19 betroffen, einige sind an und mit dieser Krankheit gestorben. Auch dies sollte Anlass zur Besinnung sein. Unsere Vinzenzschwestern und -br\u00fcder waren und sind es auch, die gerade in schwierigen Momenten andere unterst\u00fctzen, wie zum Beispiel den Einkauf organisieren, Essen nach Hause bringen und vieles mehr. Daf\u00fcr sage ich allen ein aufrichtige Vergelt\u2019s Gott.<\/p>\n<p>Unsere T\u00e4tigkeiten sind nur m\u00f6glich, weil viele G\u00f6nnerinnen und G\u00f6nner das ganze Jahr \u00fcber der Vinzenzgemeinschaft mit ihren Spenden halfen und helfen.<\/p>\n<p>Ich bedanke mich bei allen ganz herzlich f\u00fcr die erbrachte Mitarbeit und Unterst\u00fctzung f\u00fcr die Vinzenzgemeinschaft und w\u00fcnsche ein ruhiges und besinnliches Weihnachten und ein gesundes Jahr 2021.<\/p>\n<p>Ihr Josef Andreas Haspinger<br \/>\nZentralratspr\u00e4sident<\/p>\n","protected":false},"excerpt":{"rendered":"<p>\u00ad Liebe Mitglieder, liebe G\u00f6nnerinnen und G\u00f6nner der Vinzenzgemeinschaft! Die Adventszeit in diesem Jahr ist wegen der Covid-19 Pandemie eine besonders stille Zeit. Wir werden an das gro\u00dfe Ereignis erinnert, an die Geburt Christi und sollten uns auch die Zeit f\u00fcr die Besinnung nehmen. Dies d\u00fcrfte uns, gerade in der jetzigen schwierigen Zeit, leichter fallen,&#8230;<\/p>\n","protected":false},"author":1,"featured_media":1918,"comment_status":"closed","ping_status":"closed","sticky":false,"template":"","format":"standard","meta":{"_acf_changed":false,"footnotes":""},"categories":[1],"tags":[],"acf":[],"_links":{"self":[{"href":"https:\/\/www.vinzenzgemeinschaft.it\/de\/wp-json\/wp\/v2\/posts\/1917"}],"collection":[{"href":"https:\/\/www.vinzenzgemeinschaft.it\/de\/wp-json\/wp\/v2\/posts"}],"about":[{"href":"https:\/\/www.vinzenzgemeinschaft.it\/de\/wp-json\/wp\/v2\/types\/post"}],"author":[{"embeddable":true,"href":"https:\/\/www.vinzenzgemeinschaft.it\/de\/wp-json\/wp\/v2\/users\/1"}],"replies":[{"embeddable":true,"href":"https:\/\/www.vinzenzgemeinschaft.it\/de\/wp-json\/wp\/v2\/comments?post=1917"}],"version-history":[{"count":11,"href":"https:\/\/www.vinzenzgemeinschaft.it\/de\/wp-json\/wp\/v2\/posts\/1917\/revisions"}],"predecessor-version":[{"id":2035,"href":"https:\/\/www.vinzenzgemeinschaft.it\/de\/wp-json\/wp\/v2\/posts\/1917\/revisions\/2035"}],"wp:featuredmedia":[{"embeddable":true,"href":"https:\/\/www.vinzenzgemeinschaft.it\/de\/wp-json\/wp\/v2\/media\/1918"}],"wp:attachment":[{"href":"https:\/\/www.vinzenzgemeinschaft.it\/de\/wp-json\/wp\/v2\/media?parent=1917"}],"wp:term":[{"taxonomy":"category","embeddable":true,"href":"https:\/\/www.vinzenzgemeinschaft.it\/de\/wp-json\/wp\/v2\/categories?post=1917"},{"taxonomy":"post_tag","embeddable":true,"href":"https:\/\/www.vinzenzgemeinschaft.it\/de\/wp-json\/wp\/v2\/tags?post=1917"}],"curies":[{"name":"wp","href":"https:\/\/api.w.org\/{rel}","templated":true}]}}