{"id":1856,"date":"2020-12-05T14:05:32","date_gmt":"2020-12-05T13:05:32","guid":{"rendered":"https:\/\/www.vinzenzgemeinschaft.it\/?p=1856"},"modified":"2024-01-12T08:07:59","modified_gmt":"2024-01-12T07:07:59","slug":"adventbrief-2020-der-vinzenzgemeinschaft","status":"publish","type":"post","link":"https:\/\/www.vinzenzgemeinschaft.it\/de\/adventbrief-2020-der-vinzenzgemeinschaft\/","title":{"rendered":"Adventbrief 2020 <br>  der S\u00fcdtiroler Vinzenzgemeinschaft"},"content":{"rendered":"<p><strong><img loading=\"lazy\" decoding=\"async\" class=\"alignnone wp-image-1894 size-large\" src=\"https:\/\/www.vinzenzgemeinschaft.it\/wp-content\/uploads\/2020\/11\/am-seidenen-faden-1-1024x289.jpg\" alt=\"\" width=\"1024\" height=\"289\" srcset=\"https:\/\/www.vinzenzgemeinschaft.it\/wp-content\/uploads\/2020\/11\/am-seidenen-faden-1-1024x289.jpg 1024w, https:\/\/www.vinzenzgemeinschaft.it\/wp-content\/uploads\/2020\/11\/am-seidenen-faden-1-300x85.jpg 300w, https:\/\/www.vinzenzgemeinschaft.it\/wp-content\/uploads\/2020\/11\/am-seidenen-faden-1-768x216.jpg 768w, https:\/\/www.vinzenzgemeinschaft.it\/wp-content\/uploads\/2020\/11\/am-seidenen-faden-1-1536x433.jpg 1536w, https:\/\/www.vinzenzgemeinschaft.it\/wp-content\/uploads\/2020\/11\/am-seidenen-faden-1-2048x577.jpg 2048w, https:\/\/www.vinzenzgemeinschaft.it\/wp-content\/uploads\/2020\/11\/am-seidenen-faden-1-550x155.jpg 550w, https:\/\/www.vinzenzgemeinschaft.it\/wp-content\/uploads\/2020\/11\/am-seidenen-faden-1-795x224.jpg 795w\" sizes=\"(max-width: 1024px) 100vw, 1024px\" \/>Am seidenen Faden <\/strong><\/p>\n<p>&nbsp;<\/p>\n<p>Liebe Unterst\u00fctzerin, lieber Unterst\u00fctzer der S\u00fcdtiroler Vinzenzgemeinschaft,<\/p>\n<p>vermutlich kennen Sie das: Sie kn\u00fcpfen etwas zu, aber das Band bricht. Sie h\u00e4ngen etwas auf, aber das Seil gibt nach. Sie spannen etwas an, aber die Fassung h\u00e4lt dem Druck nicht stand. Vieles h\u00e4ngt am seidenen Faden: Covid-19 hat die Welt \u2013 auch die S\u00fcdtiroler Welt \u2013 an ihren wundesten Punkten getroffen. Die Pandemie hat Armut in all ihren Facetten schonungslos aufgedeckt &#8211; und versch\u00e4rft.<\/p>\n<p>Nerven wie Stahlseile br\u00e4uchten gar einige Menschen, die covid-bedingt ihre Arbeit verloren haben, ihre Miete nicht mehr bezahlen k\u00f6nnen, sich notwendige Medikamente nicht mehr kaufen und kraftspendende Kontakte nicht mehr pflegen.<\/p>\n<p>Viele hat es kalt erwischt.<\/p>\n<p>Da sind Leute, angestellt mit prek\u00e4ren Arbeitsvertr\u00e4gen: Sie arbeiten haupts\u00e4chlich im Gastgewerbe, sind nur wenige Stunden angestellt und wissen nicht, wie sie ans Monatsende kommen sollen. Da sind Seniorinnen und Senioren mit geringer Rente und ohne Eigentum. Sie sch\u00e4men sich, um Hilfe zu bitten. Solche Armut macht einsam.<\/p>\n<p>Nicht alle Kinder, Jugendlichen, Frauen und M\u00e4nner in S\u00fcdtirol haben ein Netz, das tr\u00e4gt. Wenn in einer armutsgef\u00e4hrdeten Familie eine Person ausf\u00e4llt, rei\u00dft der soziale Faden, der meist l\u00e4ngst schon d\u00fcnn und \u00fcberdehnt war.<\/p>\n<p>Armut sch\u00e4mt sich, Armut versteckt sich. Armut trifft in diesem Covid-Jahr viele Menschen besonders hart.<\/p>\n<p>In ganz S\u00fcdtirol k\u00fcmmern sich die Freiwilligen in 54 Vinzenzkonferenzen und Helfergruppen um Familien und Einzelpersonen, deren Gegenwart und Zukunft am seidenen Faden h\u00e4ngt. Empathisch und unb\u00fcrokratisch unterst\u00fctzen sie die bed\u00fcrftigen Menschen: mit Lebensmittelgutscheinen, Fr\u00fchst\u00fccksbrot, mit kostenlosen Lebensmitteln bei der Tafel, mit Kleidung gegen die K\u00e4lte und vor allem mit finanzieller Unterst\u00fctzung f\u00fcr die lebensnotwendigen Ausgaben wie Miete, Strom, Gas.<\/p>\n<p>Aber in erster Linie schenken sie Zeit \u2013 f\u00fcr Gespr\u00e4che und f\u00fcr Besuche: zuhause, im Heim oder im Krankenhaus.<\/p>\n<p>Es war nicht einfach im heurigen Fr\u00fchjahr, als die pers\u00f6nlichen Kontakte nicht erlaubt waren. Im jetzigen Herbst-Lockdown wiederholt sich das Geschehen. Alleinstehende Leute sp\u00fcren die Einsamkeit in dieser vorweihnachtlichen Zeit noch bedr\u00fcckender als sonst.<\/p>\n<p>Der Einsatz unserer Freiwilligen ist vielfach unsichtbar, f\u00fcr den Zusammenhalt in der S\u00fcdtiroler Gesellschaft aber unverzichtbar. Er tr\u00e4gt dazu bei, dass das soziale Seil h\u00e4lt. Im heurigen Ausnahmejahr konnten wir dank Ihrer Spende landesweit mehr als 3.600 Menschen unterst\u00fctzen. Nun bitten wir Sie erneut darum<strong>. <\/strong><\/p>\n<p style=\"text-align: center;\">Mit einem Vergelt\u2019s Gott f\u00fcr Ihre Unterst\u00fctzung<\/p>\n<p style=\"text-align: center;\">w\u00fcnsche ich Ihnen eine segensreichte Advent- und Weihnachtszeit.<\/p>\n<p>Ihr<\/p>\n<p style=\"text-align: left;\">Josef-Andreas Haspinger<\/p>\n<p style=\"text-align: left;\">Zentralratspr\u00e4sident der S\u00fcdtiroler Vinzenzgemeinschaft<\/p>\n<p>&nbsp;<\/p>\n<p><em>Unsere Bankkoordinaten finden Sie auf unserer Webseite <a href=\"http:\/\/www.vinzenzgemeinschaft.it\/\">www.vinzenzgemeinschaft.it<\/a> unter dem Men\u00fcpunkt \u201eSpenden\u201c Gerne k\u00f6nnen Sie Ihre Spende auch an eine \u00f6rtliche Vinzenzkonferenz \u00fcberweisen. Auch deren Bankkoordinaten finden Sie unter <a href=\"http:\/\/www.vinzenzgemeinschaft.it\/\">www.vinzenzgemeinschaft.it<\/a> \u201eSpenden\u201c.<\/em><\/p>\n<p><strong><em>Ihre Spende an die S\u00fcdtiroler Vinzenzgemeinschaft k\u00f6nnen Sie von der Steuer absetzen. <\/em><\/strong><\/p>\n<p>&nbsp;<\/p>\n<p>&nbsp;<\/p>\n<p>&nbsp;<\/p>\n","protected":false},"excerpt":{"rendered":"<p>Am seidenen Faden &nbsp; Liebe Unterst\u00fctzerin, lieber Unterst\u00fctzer der S\u00fcdtiroler Vinzenzgemeinschaft, vermutlich kennen Sie das: Sie kn\u00fcpfen etwas zu, aber das Band bricht. Sie h\u00e4ngen etwas auf, aber das Seil gibt nach. Sie spannen etwas an, aber die Fassung h\u00e4lt dem Druck nicht stand. Vieles h\u00e4ngt am seidenen Faden: Covid-19 hat die Welt \u2013 auch&#8230;<\/p>\n","protected":false},"author":2,"featured_media":1900,"comment_status":"closed","ping_status":"closed","sticky":false,"template":"","format":"standard","meta":{"_acf_changed":false,"footnotes":""},"categories":[1],"tags":[],"acf":[],"_links":{"self":[{"href":"https:\/\/www.vinzenzgemeinschaft.it\/de\/wp-json\/wp\/v2\/posts\/1856"}],"collection":[{"href":"https:\/\/www.vinzenzgemeinschaft.it\/de\/wp-json\/wp\/v2\/posts"}],"about":[{"href":"https:\/\/www.vinzenzgemeinschaft.it\/de\/wp-json\/wp\/v2\/types\/post"}],"author":[{"embeddable":true,"href":"https:\/\/www.vinzenzgemeinschaft.it\/de\/wp-json\/wp\/v2\/users\/2"}],"replies":[{"embeddable":true,"href":"https:\/\/www.vinzenzgemeinschaft.it\/de\/wp-json\/wp\/v2\/comments?post=1856"}],"version-history":[{"count":23,"href":"https:\/\/www.vinzenzgemeinschaft.it\/de\/wp-json\/wp\/v2\/posts\/1856\/revisions"}],"predecessor-version":[{"id":1903,"href":"https:\/\/www.vinzenzgemeinschaft.it\/de\/wp-json\/wp\/v2\/posts\/1856\/revisions\/1903"}],"wp:featuredmedia":[{"embeddable":true,"href":"https:\/\/www.vinzenzgemeinschaft.it\/de\/wp-json\/wp\/v2\/media\/1900"}],"wp:attachment":[{"href":"https:\/\/www.vinzenzgemeinschaft.it\/de\/wp-json\/wp\/v2\/media?parent=1856"}],"wp:term":[{"taxonomy":"category","embeddable":true,"href":"https:\/\/www.vinzenzgemeinschaft.it\/de\/wp-json\/wp\/v2\/categories?post=1856"},{"taxonomy":"post_tag","embeddable":true,"href":"https:\/\/www.vinzenzgemeinschaft.it\/de\/wp-json\/wp\/v2\/tags?post=1856"}],"curies":[{"name":"wp","href":"https:\/\/api.w.org\/{rel}","templated":true}]}}