{"id":1508,"date":"2019-11-21T11:48:36","date_gmt":"2019-11-21T10:48:36","guid":{"rendered":"https:\/\/www.vinzenzgemeinschaft.it\/?p=1508"},"modified":"2024-01-12T08:08:00","modified_gmt":"2024-01-12T07:08:00","slug":"der-weltpraesident-der-vinzengemeinschaft-renato-lima-de-olivieira-kommt-am-02-dezember-2019","status":"publish","type":"post","link":"https:\/\/www.vinzenzgemeinschaft.it\/de\/der-weltpraesident-der-vinzengemeinschaft-renato-lima-de-olivieira-kommt-am-02-dezember-2019\/","title":{"rendered":"DER GENERALPR\u00c4SIDENT DER WELT-VINZENZGEMEINSCHAFT"},"content":{"rendered":"<p>Der Generalpr\u00e4sident <strong>Renato Lima de Oiveira <\/strong>der Vinzengemeinschaft mit Hauptsitz in Paris, besucht mit einer Delegation die S\u00fcdtiroler Vinzenzgemeinschaft am 02. Dezember 2019.<br \/>\nEr wird in Bozen ein Referat f\u00fcr den Zentralrat und deren G\u00e4ste halten. Er wird auch einige Konferenzen mit besonderen T\u00e4tigkeiten besuchen.<br \/>\nZudem ist ein Besuch beim Bischof Ivo Muser und beim Landeshauptmann Arno Kompatscher vorgesehen.<\/p>\n","protected":false},"excerpt":{"rendered":"<p>Der Generalpr\u00e4sident Renato Lima de Oiveira der Vinzengemeinschaft mit Hauptsitz in Paris, besucht mit einer Delegation die S\u00fcdtiroler Vinzenzgemeinschaft am 02. Dezember 2019. Er wird in Bozen ein Referat f\u00fcr den Zentralrat und deren G\u00e4ste halten. Er wird auch einige Konferenzen mit besonderen T\u00e4tigkeiten besuchen. Zudem ist ein Besuch beim Bischof Ivo Muser und beim&#8230;<\/p>\n","protected":false},"author":2,"featured_media":1517,"comment_status":"closed","ping_status":"closed","sticky":false,"template":"","format":"standard","meta":{"_acf_changed":false,"footnotes":""},"categories":[1],"tags":[],"acf":[],"_links":{"self":[{"href":"https:\/\/www.vinzenzgemeinschaft.it\/de\/wp-json\/wp\/v2\/posts\/1508"}],"collection":[{"href":"https:\/\/www.vinzenzgemeinschaft.it\/de\/wp-json\/wp\/v2\/posts"}],"about":[{"href":"https:\/\/www.vinzenzgemeinschaft.it\/de\/wp-json\/wp\/v2\/types\/post"}],"author":[{"embeddable":true,"href":"https:\/\/www.vinzenzgemeinschaft.it\/de\/wp-json\/wp\/v2\/users\/2"}],"replies":[{"embeddable":true,"href":"https:\/\/www.vinzenzgemeinschaft.it\/de\/wp-json\/wp\/v2\/comments?post=1508"}],"version-history":[{"count":16,"href":"https:\/\/www.vinzenzgemeinschaft.it\/de\/wp-json\/wp\/v2\/posts\/1508\/revisions"}],"predecessor-version":[{"id":1591,"href":"https:\/\/www.vinzenzgemeinschaft.it\/de\/wp-json\/wp\/v2\/posts\/1508\/revisions\/1591"}],"wp:featuredmedia":[{"embeddable":true,"href":"https:\/\/www.vinzenzgemeinschaft.it\/de\/wp-json\/wp\/v2\/media\/1517"}],"wp:attachment":[{"href":"https:\/\/www.vinzenzgemeinschaft.it\/de\/wp-json\/wp\/v2\/media?parent=1508"}],"wp:term":[{"taxonomy":"category","embeddable":true,"href":"https:\/\/www.vinzenzgemeinschaft.it\/de\/wp-json\/wp\/v2\/categories?post=1508"},{"taxonomy":"post_tag","embeddable":true,"href":"https:\/\/www.vinzenzgemeinschaft.it\/de\/wp-json\/wp\/v2\/tags?post=1508"}],"curies":[{"name":"wp","href":"https:\/\/api.w.org\/{rel}","templated":true}]}}