{"id":1191,"date":"2019-09-15T00:24:23","date_gmt":"2019-09-14T22:24:23","guid":{"rendered":"https:\/\/www.vinzenzgemeinschaft.it\/?p=1191"},"modified":"2024-01-12T08:08:00","modified_gmt":"2024-01-12T07:08:00","slug":"benefizkonzert-am-19-oktober-2019-in-der-altern-grieser-pfarrkirche","status":"publish","type":"post","link":"https:\/\/www.vinzenzgemeinschaft.it\/de\/benefizkonzert-am-19-oktober-2019-in-der-altern-grieser-pfarrkirche\/","title":{"rendered":"Benefizkonzert in der Alten Grieser Pfarrkirche"},"content":{"rendered":"<p>Das internationale Ensemble <strong> reach4music<\/strong> bestehend aus Nitzan Bartana (Violine), Maria Demetz-Marshall (Oboe), Christian Mashall (Viola) und Roland Mitterer (Cello)<\/p>\n<ul>wird am 19.Okober um 20:00 in der Alten Grieser Pfarrkirche<\/ul>\n<p>ihr K\u00f6nnen zum Besten geben. Auf dem Programm stehen Werke von W.A. Mozart, B. Britten und K.v. Dohn\u00e0nyi.<br \/>\nDer Reinerl\u00f6s geht zu Gunsten der S\u00fcdtiroler Vinzenzgemeinschaft.<br \/>\nAlle Mitglieder und G\u00f6nner der Vinzenzgemeinschaft, sowie alle\u00a0die Freude an der Musik haben, sind herzlich eingeladen.<\/p>\n","protected":false},"excerpt":{"rendered":"<p>Das internationale Ensemble reach4music bestehend aus Nitzan Bartana (Violine), Maria Demetz-Marshall (Oboe), Christian Mashall (Viola) und Roland Mitterer (Cello) wird am 19.Okober um 20:00 in der Alten Grieser Pfarrkirche ihr K\u00f6nnen zum Besten geben. Auf dem Programm stehen Werke von W.A. Mozart, B. Britten und K.v. Dohn\u00e0nyi. Der Reinerl\u00f6s geht zu Gunsten der S\u00fcdtiroler Vinzenzgemeinschaft&#8230;.<\/p>\n","protected":false},"author":2,"featured_media":1539,"comment_status":"closed","ping_status":"closed","sticky":false,"template":"","format":"standard","meta":{"_acf_changed":false,"footnotes":""},"categories":[1],"tags":[],"acf":[],"_links":{"self":[{"href":"https:\/\/www.vinzenzgemeinschaft.it\/de\/wp-json\/wp\/v2\/posts\/1191"}],"collection":[{"href":"https:\/\/www.vinzenzgemeinschaft.it\/de\/wp-json\/wp\/v2\/posts"}],"about":[{"href":"https:\/\/www.vinzenzgemeinschaft.it\/de\/wp-json\/wp\/v2\/types\/post"}],"author":[{"embeddable":true,"href":"https:\/\/www.vinzenzgemeinschaft.it\/de\/wp-json\/wp\/v2\/users\/2"}],"replies":[{"embeddable":true,"href":"https:\/\/www.vinzenzgemeinschaft.it\/de\/wp-json\/wp\/v2\/comments?post=1191"}],"version-history":[{"count":23,"href":"https:\/\/www.vinzenzgemeinschaft.it\/de\/wp-json\/wp\/v2\/posts\/1191\/revisions"}],"predecessor-version":[{"id":1532,"href":"https:\/\/www.vinzenzgemeinschaft.it\/de\/wp-json\/wp\/v2\/posts\/1191\/revisions\/1532"}],"wp:featuredmedia":[{"embeddable":true,"href":"https:\/\/www.vinzenzgemeinschaft.it\/de\/wp-json\/wp\/v2\/media\/1539"}],"wp:attachment":[{"href":"https:\/\/www.vinzenzgemeinschaft.it\/de\/wp-json\/wp\/v2\/media?parent=1191"}],"wp:term":[{"taxonomy":"category","embeddable":true,"href":"https:\/\/www.vinzenzgemeinschaft.it\/de\/wp-json\/wp\/v2\/categories?post=1191"},{"taxonomy":"post_tag","embeddable":true,"href":"https:\/\/www.vinzenzgemeinschaft.it\/de\/wp-json\/wp\/v2\/tags?post=1191"}],"curies":[{"name":"wp","href":"https:\/\/api.w.org\/{rel}","templated":true}]}}