{"id":1185,"date":"2019-06-26T23:50:15","date_gmt":"2019-06-26T21:50:15","guid":{"rendered":"https:\/\/www.vinzenzgemeinschaft.it\/?p=1185"},"modified":"2024-01-12T08:08:01","modified_gmt":"2024-01-12T07:08:01","slug":"eroeffnung-tafel-latsch","status":"publish","type":"post","link":"https:\/\/www.vinzenzgemeinschaft.it\/de\/eroeffnung-tafel-latsch\/","title":{"rendered":"Er\u00f6ffnung  &#8222;Tafel Latsch&#8220;"},"content":{"rendered":"<p>Ende Juni wurde in Latsch eine Tafel er\u00f6ffnet, nach dem Motto &#8222;VERSCHENKEN ANSTATT WEGWERFEN&#8220;.<br \/>\nFrau Sonja Platzer ist die Initiatorin und Leiterin dieser Tafel. Sie hat die Organisation und Aufbauarbeit auf vorbildliche Art und Weise durchgef\u00fchrt, wie fast alle anderen Vinzenztafeln in S\u00fcdtirol.<br \/>\nWir sind dankbar f\u00fcr diese soziale Initiative in Latsch. Ein Vergelts Gott an Frau Sonja Platzer und an alle freiwilligen Mitarbeiter\/innen, die in der &#8222;Tafel Latsch&#8220; zu Gunsten von Menschen in Not t\u00e4tig sind.<br \/>\nEin Dank geht auch an die Gemeinde Latsch, die dem Raum, f\u00fcr die Lagerung und Verteilung von Lebensmitteln, kostenlos zur Verf\u00fcgung stellt.<\/p>\n","protected":false},"excerpt":{"rendered":"<p>Ende Juni wurde in Latsch eine Tafel er\u00f6ffnet, nach dem Motto &#8222;VERSCHENKEN ANSTATT WEGWERFEN&#8220;. Frau Sonja Platzer ist die Initiatorin und Leiterin dieser Tafel. Sie hat die Organisation und Aufbauarbeit auf vorbildliche Art und Weise durchgef\u00fchrt, wie fast alle anderen Vinzenztafeln in S\u00fcdtirol. Wir sind dankbar f\u00fcr diese soziale Initiative in Latsch. Ein Vergelts Gott&#8230;<\/p>\n","protected":false},"author":2,"featured_media":0,"comment_status":"closed","ping_status":"closed","sticky":false,"template":"","format":"standard","meta":{"_acf_changed":false,"footnotes":""},"categories":[1],"tags":[],"acf":[],"_links":{"self":[{"href":"https:\/\/www.vinzenzgemeinschaft.it\/de\/wp-json\/wp\/v2\/posts\/1185"}],"collection":[{"href":"https:\/\/www.vinzenzgemeinschaft.it\/de\/wp-json\/wp\/v2\/posts"}],"about":[{"href":"https:\/\/www.vinzenzgemeinschaft.it\/de\/wp-json\/wp\/v2\/types\/post"}],"author":[{"embeddable":true,"href":"https:\/\/www.vinzenzgemeinschaft.it\/de\/wp-json\/wp\/v2\/users\/2"}],"replies":[{"embeddable":true,"href":"https:\/\/www.vinzenzgemeinschaft.it\/de\/wp-json\/wp\/v2\/comments?post=1185"}],"version-history":[{"count":11,"href":"https:\/\/www.vinzenzgemeinschaft.it\/de\/wp-json\/wp\/v2\/posts\/1185\/revisions"}],"predecessor-version":[{"id":1584,"href":"https:\/\/www.vinzenzgemeinschaft.it\/de\/wp-json\/wp\/v2\/posts\/1185\/revisions\/1584"}],"wp:attachment":[{"href":"https:\/\/www.vinzenzgemeinschaft.it\/de\/wp-json\/wp\/v2\/media?parent=1185"}],"wp:term":[{"taxonomy":"category","embeddable":true,"href":"https:\/\/www.vinzenzgemeinschaft.it\/de\/wp-json\/wp\/v2\/categories?post=1185"},{"taxonomy":"post_tag","embeddable":true,"href":"https:\/\/www.vinzenzgemeinschaft.it\/de\/wp-json\/wp\/v2\/tags?post=1185"}],"curies":[{"name":"wp","href":"https:\/\/api.w.org\/{rel}","templated":true}]}}