{"id":1104,"date":"2019-09-03T14:24:41","date_gmt":"2019-09-03T12:24:41","guid":{"rendered":"https:\/\/www.vinzenzgemeinschaft.it\/?p=1104"},"modified":"2024-01-12T08:08:01","modified_gmt":"2024-01-12T07:08:01","slug":"pfarrer-wolfgang-pucher-der-armenpfarrer-aus-graz-in-bozen","status":"publish","type":"post","link":"https:\/\/www.vinzenzgemeinschaft.it\/de\/pfarrer-wolfgang-pucher-der-armenpfarrer-aus-graz-in-bozen\/","title":{"rendered":"Wolfgang PUCHER   der Armenpfarrer aus Graz in Bozen"},"content":{"rendered":"<p>Pfarrer Wolfgang Pucher h\u00e4lt am 12. September um 20:00 im Kolpinghaus einen Vortrag \u00fcber ARMUT.<br \/>\nAlle Mitglieder der Vinzenzgemeinschaft und interessierte Mitb\u00fcrger sind dazu herzlich eingeladen.<\/p>\n","protected":false},"excerpt":{"rendered":"<p>Pfarrer Wolfgang Pucher h\u00e4lt am 12. September um 20:00 im Kolpinghaus einen Vortrag \u00fcber ARMUT. Alle Mitglieder der Vinzenzgemeinschaft und interessierte Mitb\u00fcrger sind dazu herzlich eingeladen.<\/p>\n","protected":false},"author":2,"featured_media":752,"comment_status":"closed","ping_status":"closed","sticky":false,"template":"","format":"standard","meta":{"_acf_changed":false,"footnotes":""},"categories":[1],"tags":[],"acf":[],"_links":{"self":[{"href":"https:\/\/www.vinzenzgemeinschaft.it\/de\/wp-json\/wp\/v2\/posts\/1104"}],"collection":[{"href":"https:\/\/www.vinzenzgemeinschaft.it\/de\/wp-json\/wp\/v2\/posts"}],"about":[{"href":"https:\/\/www.vinzenzgemeinschaft.it\/de\/wp-json\/wp\/v2\/types\/post"}],"author":[{"embeddable":true,"href":"https:\/\/www.vinzenzgemeinschaft.it\/de\/wp-json\/wp\/v2\/users\/2"}],"replies":[{"embeddable":true,"href":"https:\/\/www.vinzenzgemeinschaft.it\/de\/wp-json\/wp\/v2\/comments?post=1104"}],"version-history":[{"count":8,"href":"https:\/\/www.vinzenzgemeinschaft.it\/de\/wp-json\/wp\/v2\/posts\/1104\/revisions"}],"predecessor-version":[{"id":1244,"href":"https:\/\/www.vinzenzgemeinschaft.it\/de\/wp-json\/wp\/v2\/posts\/1104\/revisions\/1244"}],"wp:featuredmedia":[{"embeddable":true,"href":"https:\/\/www.vinzenzgemeinschaft.it\/de\/wp-json\/wp\/v2\/media\/752"}],"wp:attachment":[{"href":"https:\/\/www.vinzenzgemeinschaft.it\/de\/wp-json\/wp\/v2\/media?parent=1104"}],"wp:term":[{"taxonomy":"category","embeddable":true,"href":"https:\/\/www.vinzenzgemeinschaft.it\/de\/wp-json\/wp\/v2\/categories?post=1104"},{"taxonomy":"post_tag","embeddable":true,"href":"https:\/\/www.vinzenzgemeinschaft.it\/de\/wp-json\/wp\/v2\/tags?post=1104"}],"curies":[{"name":"wp","href":"https:\/\/api.w.org\/{rel}","templated":true}]}}