{"id":1,"date":"2016-02-14T09:59:16","date_gmt":"2016-02-14T08:59:16","guid":{"rendered":"https:\/\/www.vinzenzgemeinschaft.it\/?p=1"},"modified":"2024-01-12T08:08:04","modified_gmt":"2024-01-12T07:08:04","slug":"consectetuer-adipiscing","status":"publish","type":"post","link":"https:\/\/www.vinzenzgemeinschaft.it\/de\/consectetuer-adipiscing\/","title":{"rendered":"Kleiderkammer bittet um Spenden"},"content":{"rendered":"<article class=\"node-105 node node-aktuelles view-mode-full clearfix\">\n<div class=\"field field-name-body field-type-text-with-summary field-label-hidden\">\n<div class=\"field-items\">\n<div class=\"field-item even\">\n<p>Bozen. Vor allem Fl\u00fcchtlinge bitten seit Monaten in der Kleiderkammer der Vinzenzgemeinschaft in Bozen um \u00a0Winterbekleidung. Inzwischen sind die Vorr\u00e4te in den K\u00e4sten der Hilfsstelle aber aufgebraucht.\u00a0\u201eIm Herbst hatten wir noch gute Vorr\u00e4te, wir haben in dieser Zeit auch wegen zeitweiliger \u00dcberlastung leider die eine und andere Spende abgelehnt\u201c, erkl\u00e4rt Christine Sartori, die das Team aus derzeit etwa zehn Freiwilligen leitet. Seit Winterbeginn stehen jede Woche zwischen 40 und 50 M\u00e4nner bei der Kleiderkammer an, dazu kommen noch Frauen und Kinder. \u201eVor allem Fl\u00fcchtlinge sind auf diese Hilfe angewiesen\u201c, erkl\u00e4rt die Leiterin. Nur sind viele K\u00e4sten der Kleiderkammer inzwischen fast leer.<\/p>\n<p>Gesucht werden: Jacken, Hosen\/Jeans, Schuhe, T-Shirts, Hemden, Pullover, Unterw\u00e4sche, lange Unterhosen, Socken, M\u00fctzen, Schals und Handschuhe \u2013 vor allem f\u00fcr M\u00e4nner, aber auch f\u00fcr Frauen und Kinder. Gerne angenommen werden auch G\u00fcrtel, gro\u00dfe und kleine Taschen, Rucks\u00e4cke, Koffer, Geldtaschen, Decken, Schlafs\u00e4cke, Bettw\u00e4sche und Handt\u00fccher.<br \/>\nDie Sachspenden k\u00f6nnen zu den \u00d6ffnungszeiten der Kleiderkammer in der Rittner Stra\u00dfe 49 (N\u00e4he Talstation Rittner Seilbahn) abgegeben werden:<\/p>\n<p>am Montag von 8 bis 11 Uhr,<br \/>\nam Mittwoch und Freitag jeweils von 14.30 bis 17.30 Uhr.<\/p>\n<\/div>\n<\/div>\n<\/div>\n<\/article>\n<div class=\"region region-aftercontent\">\n<div id=\"block-views-weitere-aktuell-block\" class=\"block block-views weitereaktuell first last odd\"><\/div>\n<\/div>\n","protected":false},"excerpt":{"rendered":"<p>Bozen. Vor allem Fl\u00fcchtlinge bitten seit Monaten in der Kleiderkammer der Vinzenzgemeinschaft in Bozen um \u00a0Winterbekleidung. Inzwischen sind die Vorr\u00e4te in den K\u00e4sten der Hilfsstelle aber aufgebraucht.\u00a0\u201eIm Herbst hatten wir noch gute Vorr\u00e4te, wir haben in dieser Zeit auch wegen zeitweiliger \u00dcberlastung leider die eine und andere Spende abgelehnt\u201c, erkl\u00e4rt Christine Sartori, die das Team&#8230;<\/p>\n","protected":false},"author":1,"featured_media":720,"comment_status":"closed","ping_status":"closed","sticky":false,"template":"","format":"standard","meta":{"_acf_changed":false,"footnotes":""},"categories":[1],"tags":[],"acf":[],"_links":{"self":[{"href":"https:\/\/www.vinzenzgemeinschaft.it\/de\/wp-json\/wp\/v2\/posts\/1"}],"collection":[{"href":"https:\/\/www.vinzenzgemeinschaft.it\/de\/wp-json\/wp\/v2\/posts"}],"about":[{"href":"https:\/\/www.vinzenzgemeinschaft.it\/de\/wp-json\/wp\/v2\/types\/post"}],"author":[{"embeddable":true,"href":"https:\/\/www.vinzenzgemeinschaft.it\/de\/wp-json\/wp\/v2\/users\/1"}],"replies":[{"embeddable":true,"href":"https:\/\/www.vinzenzgemeinschaft.it\/de\/wp-json\/wp\/v2\/comments?post=1"}],"version-history":[{"count":3,"href":"https:\/\/www.vinzenzgemeinschaft.it\/de\/wp-json\/wp\/v2\/posts\/1\/revisions"}],"predecessor-version":[{"id":719,"href":"https:\/\/www.vinzenzgemeinschaft.it\/de\/wp-json\/wp\/v2\/posts\/1\/revisions\/719"}],"wp:featuredmedia":[{"embeddable":true,"href":"https:\/\/www.vinzenzgemeinschaft.it\/de\/wp-json\/wp\/v2\/media\/720"}],"wp:attachment":[{"href":"https:\/\/www.vinzenzgemeinschaft.it\/de\/wp-json\/wp\/v2\/media?parent=1"}],"wp:term":[{"taxonomy":"category","embeddable":true,"href":"https:\/\/www.vinzenzgemeinschaft.it\/de\/wp-json\/wp\/v2\/categories?post=1"},{"taxonomy":"post_tag","embeddable":true,"href":"https:\/\/www.vinzenzgemeinschaft.it\/de\/wp-json\/wp\/v2\/tags?post=1"}],"curies":[{"name":"wp","href":"https:\/\/api.w.org\/{rel}","templated":true}]}}